{"id":79788,"date":"2025-04-28T11:15:00","date_gmt":"2025-04-28T17:15:00","guid":{"rendered":"https:\/\/zonaroja.com.mx\/?p=79788"},"modified":"2025-04-28T09:42:51","modified_gmt":"2025-04-28T15:42:51","slug":"accidentes-en-domingo-dejaron-tres-muertos-en-oaxaca","status":"publish","type":"post","link":"https:\/\/zonaroja.com.mx\/?p=79788","title":{"rendered":"Accidentes en domingo dejaron tres muertos en Oaxaca"},"content":{"rendered":"\n<p>Raymundo Morales\/Zona Roja.<\/p>\n\n\n\n<p>Oaxaca de Ju\u00e1rez, Oax., a 28 de abril de 2025.- Al menos tres personas perdieron la vida y tres m\u00e1s resultaron lesionadas, por accidentes ocurridos ayer en carreteras de las regiones Valles Centrales, Istmo y Costa.<\/p>\n\n\n\n<p>Ayer en la avenida M\u00e1rtines de R\u00edo Blanco, que conduce a la colonia del mismo nombre, en la parte norte de la ciudad de Oaxaca, dos ocupantes de una motocicleta presuntamente derraparon y chocaron con un poste.<\/p>\n\n\n\n<p>En el sitio perdi\u00f3 la vida un joven, identificado como Gustavo R. S., de 20 a\u00f1os de edad, mientras que su acompa\u00f1ante Denisse A. H., result\u00f3 gravemente lesionada y por lo cual permanece hospitalizada.<\/p>\n\n\n\n<p>En la carretera que comunica de San Pedro Pochutla a Santa Mar\u00eda Huatulco, a la altura de la localidad Nanche Dulce, otro motociclista muri\u00f3 a causa de un percance.<\/p>\n\n\n\n<p>Probablemente a causa de la alta velocidad perdi\u00f3 el control de su unidad de motor, por lo cual se sali\u00f3 de la cinta asf\u00e1ltica y recibi\u00f3 un fuerte golpe.<\/p>\n\n\n\n<p>Mientras que en el tramo carretero que comunica a Villa de San Blas Atempa con su agencia Santa Rosa de Lima, un taxista se impacto con una palmera y debido al fuerte impacto, perdi\u00f3 la vida.<\/p>\n\n\n\n<p>Conduc\u00eda la unidad del servicio p\u00fablico del sitio \u201cSan Vicente\u201d, con n\u00famero econ\u00f3mico 09-235; sus pasajeros resultaron lesionados, seg\u00fan las primeras versiones extraoficiales.<\/p>\n","protected":false},"excerpt":{"rendered":"<p>Raymundo Morales\/Zona Roja. Oaxaca de Ju\u00e1rez, Oax., a 28 de abril de 2025.- Al menos&hellip;<\/p>\n","protected":false},"author":2,"featured_media":79789,"comment_status":"closed","ping_status":"open","sticky":false,"template":"","format":"standard","meta":{"_lmt_disableupdate":"","_lmt_disable":"","_jetpack_memberships_contains_paid_content":false,"footnotes":""},"categories":[109,47],"tags":[3416],"class_list":["post-79788","post","type-post","status-publish","format-standard","has-post-thumbnail","hentry","category-minuto-a-minuto","category-zona-gris","tag-accidentes-carreteros-oaxaca"],"jetpack_featured_media_url":"https:\/\/zonaroja.com.mx\/wp-content\/uploads\/2025\/04\/Motociclista-muerto-ciudad-de-Oaxaca.jpeg","jetpack_sharing_enabled":true,"_links":{"self":[{"href":"https:\/\/zonaroja.com.mx\/index.php?rest_route=\/wp\/v2\/posts\/79788","targetHints":{"allow":["GET"]}}],"collection":[{"href":"https:\/\/zonaroja.com.mx\/index.php?rest_route=\/wp\/v2\/posts"}],"about":[{"href":"https:\/\/zonaroja.com.mx\/index.php?rest_route=\/wp\/v2\/types\/post"}],"author":[{"embeddable":true,"href":"https:\/\/zonaroja.com.mx\/index.php?rest_route=\/wp\/v2\/users\/2"}],"replies":[{"embeddable":true,"href":"https:\/\/zonaroja.com.mx\/index.php?rest_route=%2Fwp%2Fv2%2Fcomments&post=79788"}],"version-history":[{"count":1,"href":"https:\/\/zonaroja.com.mx\/index.php?rest_route=\/wp\/v2\/posts\/79788\/revisions"}],"predecessor-version":[{"id":79790,"href":"https:\/\/zonaroja.com.mx\/index.php?rest_route=\/wp\/v2\/posts\/79788\/revisions\/79790"}],"wp:featuredmedia":[{"embeddable":true,"href":"https:\/\/zonaroja.com.mx\/index.php?rest_route=\/wp\/v2\/media\/79789"}],"wp:attachment":[{"href":"https:\/\/zonaroja.com.mx\/index.php?rest_route=%2Fwp%2Fv2%2Fmedia&parent=79788"}],"wp:term":[{"taxonomy":"category","embeddable":true,"href":"https:\/\/zonaroja.com.mx\/index.php?rest_route=%2Fwp%2Fv2%2Fcategories&post=79788"},{"taxonomy":"post_tag","embeddable":true,"href":"https:\/\/zonaroja.com.mx\/index.php?rest_route=%2Fwp%2Fv2%2Ftags&post=79788"}],"curies":[{"name":"wp","href":"https:\/\/api.w.org\/{rel}","templated":true}]}}