{"id":79796,"date":"2025-04-28T13:00:00","date_gmt":"2025-04-28T19:00:00","guid":{"rendered":"https:\/\/zonaroja.com.mx\/?p=79796"},"modified":"2025-04-28T09:52:11","modified_gmt":"2025-04-28T15:52:11","slug":"oaxaca-intensifica-la-promocion-turistica-con-respaldo-de-asetur","status":"publish","type":"post","link":"https:\/\/zonaroja.com.mx\/?p=79796","title":{"rendered":"Oaxaca intensifica la promoci\u00f3n tur\u00edstica con respaldo de Asetur"},"content":{"rendered":"\n<p>Redacci\u00f3n\/Zona Roja.&nbsp;<\/p>\n\n\n\n<p>Oaxaca de Ju\u00e1rez, Oax., a 28 de abril de 2025.- Para fortalecer la promoci\u00f3n de los destinos tur\u00edsticos de Oaxaca, la secretaria de Turismo, Saymi Pineda Velasco particip\u00f3 en la Sexag\u00e9sima Primera Asamblea de la Uni\u00f3n de Secretarios de Turismo de M\u00e9xico A.C. (Asetur), realizada en el marco del Tianguis Tur\u00edstico de M\u00e9xico 2025.<\/p>\n\n\n\n<p>En su calidad de secretaria de la Mesa Directiva de la asociaci\u00f3n, la titular de la Sectur Oaxaca asisti\u00f3 a la reuni\u00f3n&nbsp; efectuada en Ensenada y encabezada por el secretario de Turismo de Quintana Roo, Bernardo Cueto Riestra, y su hom\u00f3logo de Baja California, Miguel Agui\u00f1iga Rodr\u00edguez, anfitri\u00f3n del encuentro.<\/p>\n\n\n\n<p>Pineda Velasco destac\u00f3 que, a trav\u00e9s de Asetur, las dependencias de Turismo del pa\u00eds trabajan coordinadamente para mejorar la promoci\u00f3n nacional e internacional, buscando incrementar los flujos de visitantes y fortalecer el impacto econ\u00f3mico de este sector en los estados.<\/p>\n\n\n\n<p>Como parte de los acuerdos, Oaxaca remiti\u00f3 su calendario de eventos tur\u00edsticos para su difusi\u00f3n conjunta, sum\u00e1ndose a las estrategias enfocadas en ejes prioritarios como migraci\u00f3n, turismo comunitario y cultural, as\u00ed como turismo de reuniones, entre otros.<\/p>\n\n\n\n<p>La funcionaria enfatiz\u00f3 que se fomenta una cultura de cooperaci\u00f3n entre entidades federativas, con el objetivo de amplificar la visibilidad de los eventos y la oferta tur\u00edstica en todo el pa\u00eds.&nbsp;<\/p>\n\n\n\n<p>Posteriormente, la secretaria estatal particip\u00f3 en la Primera Sesi\u00f3n Ordinaria de la Conferencia Nacional de Secretarios de Turismo y Funcionarios Tur\u00edsticos (CNT), presidida por la secretaria de Turismo federal, Josefina Rodr\u00edguez Zamora.<\/p>\n\n\n\n<p>Este organismo, tiene la finalidad de establecer las bases para la pol\u00edtica tur\u00edstica nacional, y en este primer encuentro, se instalaron mesas de trabajo para dialogar sobre los retos de la industria tur\u00edstica en M\u00e9xico, y se present\u00f3 el Programa Sectorial de Turismo que definir\u00e1 la ruta del sector tur\u00edstico en los pr\u00f3ximos a\u00f1os.<\/p>\n\n\n\n<p>En este marco, Pineda Velasco se\u00f1al\u00f3 que Oaxaca se alinea a las estrategias impulsadas por el Gobierno de M\u00e9xico que encabeza la Presidenta Claudia Sheinbaum Pardo, y reafirm\u00f3 el compromiso de trabajar junto al Gobernador Salom\u00f3n Jara Cruz para fortalecer el turismo como motor de desarrollo para la entidad y para el pa\u00eds.<\/p>\n","protected":false},"excerpt":{"rendered":"<p>Redacci\u00f3n\/Zona Roja.&nbsp; Oaxaca de Ju\u00e1rez, Oax., a 28 de abril de 2025.- Para fortalecer la&hellip;<\/p>\n","protected":false},"author":2,"featured_media":79782,"comment_status":"closed","ping_status":"open","sticky":false,"template":"","format":"standard","meta":{"_lmt_disableupdate":"","_lmt_disable":"","_jetpack_memberships_contains_paid_content":false,"footnotes":""},"categories":[109,46],"tags":[1031],"class_list":["post-79796","post","type-post","status-publish","format-standard","has-post-thumbnail","hentry","category-minuto-a-minuto","category-zona-blanca","tag-secretaria-de-turismo-oaxaca"],"jetpack_featured_media_url":"https:\/\/zonaroja.com.mx\/wp-content\/uploads\/2025\/04\/Oaxaca-intensifica-la-promocion-turistica-con-respaldo-de-Asetur-3.jpg","jetpack_sharing_enabled":true,"_links":{"self":[{"href":"https:\/\/zonaroja.com.mx\/index.php?rest_route=\/wp\/v2\/posts\/79796","targetHints":{"allow":["GET"]}}],"collection":[{"href":"https:\/\/zonaroja.com.mx\/index.php?rest_route=\/wp\/v2\/posts"}],"about":[{"href":"https:\/\/zonaroja.com.mx\/index.php?rest_route=\/wp\/v2\/types\/post"}],"author":[{"embeddable":true,"href":"https:\/\/zonaroja.com.mx\/index.php?rest_route=\/wp\/v2\/users\/2"}],"replies":[{"embeddable":true,"href":"https:\/\/zonaroja.com.mx\/index.php?rest_route=%2Fwp%2Fv2%2Fcomments&post=79796"}],"version-history":[{"count":1,"href":"https:\/\/zonaroja.com.mx\/index.php?rest_route=\/wp\/v2\/posts\/79796\/revisions"}],"predecessor-version":[{"id":79797,"href":"https:\/\/zonaroja.com.mx\/index.php?rest_route=\/wp\/v2\/posts\/79796\/revisions\/79797"}],"wp:featuredmedia":[{"embeddable":true,"href":"https:\/\/zonaroja.com.mx\/index.php?rest_route=\/wp\/v2\/media\/79782"}],"wp:attachment":[{"href":"https:\/\/zonaroja.com.mx\/index.php?rest_route=%2Fwp%2Fv2%2Fmedia&parent=79796"}],"wp:term":[{"taxonomy":"category","embeddable":true,"href":"https:\/\/zonaroja.com.mx\/index.php?rest_route=%2Fwp%2Fv2%2Fcategories&post=79796"},{"taxonomy":"post_tag","embeddable":true,"href":"https:\/\/zonaroja.com.mx\/index.php?rest_route=%2Fwp%2Fv2%2Ftags&post=79796"}],"curies":[{"name":"wp","href":"https:\/\/api.w.org\/{rel}","templated":true}]}}