{"id":79798,"date":"2025-04-28T14:47:45","date_gmt":"2025-04-28T20:47:45","guid":{"rendered":"https:\/\/zonaroja.com.mx\/?p=79798"},"modified":"2025-04-28T14:47:45","modified_gmt":"2025-04-28T20:47:45","slug":"hallan-sin-vida-a-sandra-dominguez-y-su-pareja-fue-el-crimen-organizado","status":"publish","type":"post","link":"https:\/\/zonaroja.com.mx\/?p=79798","title":{"rendered":"Hallan sin vida a Sandra Dom\u00ednguez y su pareja; fue el crimen organizado"},"content":{"rendered":"\n<p>Redacci\u00f3n\/Zona Roja Cdmx<\/p>\n\n\n\n<p>Ciudad de M\u00e9xico a 28 de abril de 2025.- La activista y defensora de derechos humanos, Sandra Estefan\u00eda Dom\u00ednguez Mart\u00ednez, y su esposo, Alexander Hern\u00e1ndez Hern\u00e1ndez, fueron localizados sin vida en el estado de Veracruz, luego de permanecer desaparecidos durante seis meses.<\/p>\n\n\n\n<p>Ellos desaparecieron el pasado 8 de octubre entre Veracruz y Oaxaca y luego de una serie de operativos en los l\u00edmites entre ambos estados, finalmente fueron localizados en el municipio de Santiago Sochiapan.<\/p>\n\n\n\n<p>La localizaci\u00f3n fue confirmada por parte de la Fiscal\u00eda General del Estado de Oaxaca quienes se\u00f1alaron que ya se practicaron las pruebas legales para determinar que efectivamente se trata de los cuerpos sin vida de ambas personas.<\/p>\n\n\n\n<p>\u201cLa localizaci\u00f3n de las v\u00edctimas ocurri\u00f3 este 24 de abril de 2025, cuando se despleg\u00f3 un operativo para dar cumplimiento a una orden de cateo en un inmueble ubicado en el camino de terracer\u00eda que conduce de La Ceiba a Uni\u00f3n Progreso, en Santiago Sochiapan, dentro del estado de Veracruz\u201d, detall\u00f3 la Fiscal\u00eda.<\/p>\n\n\n\n<p>Adem\u00e1s, se\u00f1al\u00f3 que se encuentran realizando las investigaciones para dar con el resto de las personas responsables, por lo que indicaron que los indicios se\u00f1alan que fueron personas dedicadas a actividades delictivas en el estado de Veracruz.<\/p>\n\n\n\n<p>\u201cLas l\u00edneas de investigaci\u00f3n que sigue la Fiscal\u00eda de Oaxaca apuntan a que fueron integrantes de c\u00e9lulas delictivas que operan en el estado de Veracruz, principalmente, las responsables de la desaparici\u00f3n de las v\u00edctimas. Y es que, son precisamente las l\u00edneas de investigaci\u00f3n que se han establecido desde el primer momento, por las que tambi\u00e9n hay una persona del sexo femenino que est\u00e1 vinculada a proceso y en prisi\u00f3n preventiva por este caso, se trata de C. E. R. M\u201d, afirm\u00f3 el bolet\u00edn de la Fiscal\u00eda.<\/p>\n\n\n\n<p>Cabe se\u00f1alar que tras la desaparici\u00f3n, en un primer momento se report\u00f3 que se ubic\u00f3 la camioneta y los objetos personales de la activista en el estado de Veracruz.<\/p>\n\n\n\n<p>Posteriormente, las autoridades reportaron que intentaron detener a una de las personas responsables pero les dispararon. El resultado fueron tres presuntos agresores muertos, incluido a quien iban a detener, y un polic\u00eda que perdi\u00f3 la vida.<\/p>\n\n\n\n<p>Finalmente, el pasado 24 realizaron el cateo en la propiedad que les llev\u00f3 a localizar las fosas clandestinas donde se encontraban ambas personas.<\/p>\n\n\n\n<p>\u201cLos avances en el caso permiten establecer s\u00f3lidas directrices para seguir una ruta bien definida sobre los siguientes pasos en la investigaci\u00f3n ministerial que sigue en curso, para saber si hay m\u00e1s personas responsables por la comisi\u00f3n de este delito, con el objetivo que las v\u00edctimas directas e indirectas, tengan garant\u00edas que tendr\u00e1n pleno acceso a la justicia\u201d, asegur\u00f3 la FGE Oaxaca.<\/p>\n\n\n\n<p>Finalmente, el pasado 24 realizaron el cateo en la propiedad que les llev\u00f3 a localizar las fosas clandestinas donde se encontraban ambas personas.<\/p>\n\n\n\n<p><br>(Informaci\u00f3n de Naci\u00f3n 321).<\/p>\n\n\n\n<figure class=\"wp-block-embed\"><div class=\"wp-block-embed__wrapper\">\nhttps:\/\/x.com\/zonaroja_oaxaca\/status\/1916902537816318341?s=46\n<\/div><\/figure>\n","protected":false},"excerpt":{"rendered":"<p>Redacci\u00f3n\/Zona Roja Cdmx Ciudad de M\u00e9xico a 28 de abril de 2025.- La activista y&hellip;<\/p>\n","protected":false},"author":2,"featured_media":77041,"comment_status":"closed","ping_status":"open","sticky":false,"template":"","format":"standard","meta":{"_lmt_disableupdate":"","_lmt_disable":"","_jetpack_memberships_contains_paid_content":false,"footnotes":""},"categories":[1],"tags":[],"class_list":["post-79798","post","type-post","status-publish","format-standard","has-post-thumbnail","hentry","category-sin-categoria"],"jetpack_featured_media_url":"https:\/\/zonaroja.com.mx\/wp-content\/uploads\/2025\/01\/Sandra-Dominguez-madre-desaparecida.jpg","jetpack_sharing_enabled":true,"_links":{"self":[{"href":"https:\/\/zonaroja.com.mx\/index.php?rest_route=\/wp\/v2\/posts\/79798","targetHints":{"allow":["GET"]}}],"collection":[{"href":"https:\/\/zonaroja.com.mx\/index.php?rest_route=\/wp\/v2\/posts"}],"about":[{"href":"https:\/\/zonaroja.com.mx\/index.php?rest_route=\/wp\/v2\/types\/post"}],"author":[{"embeddable":true,"href":"https:\/\/zonaroja.com.mx\/index.php?rest_route=\/wp\/v2\/users\/2"}],"replies":[{"embeddable":true,"href":"https:\/\/zonaroja.com.mx\/index.php?rest_route=%2Fwp%2Fv2%2Fcomments&post=79798"}],"version-history":[{"count":1,"href":"https:\/\/zonaroja.com.mx\/index.php?rest_route=\/wp\/v2\/posts\/79798\/revisions"}],"predecessor-version":[{"id":79799,"href":"https:\/\/zonaroja.com.mx\/index.php?rest_route=\/wp\/v2\/posts\/79798\/revisions\/79799"}],"wp:featuredmedia":[{"embeddable":true,"href":"https:\/\/zonaroja.com.mx\/index.php?rest_route=\/wp\/v2\/media\/77041"}],"wp:attachment":[{"href":"https:\/\/zonaroja.com.mx\/index.php?rest_route=%2Fwp%2Fv2%2Fmedia&parent=79798"}],"wp:term":[{"taxonomy":"category","embeddable":true,"href":"https:\/\/zonaroja.com.mx\/index.php?rest_route=%2Fwp%2Fv2%2Fcategories&post=79798"},{"taxonomy":"post_tag","embeddable":true,"href":"https:\/\/zonaroja.com.mx\/index.php?rest_route=%2Fwp%2Fv2%2Ftags&post=79798"}],"curies":[{"name":"wp","href":"https:\/\/api.w.org\/{rel}","templated":true}]}}