{"id":7980,"date":"2020-01-23T15:53:21","date_gmt":"2020-01-23T21:53:21","guid":{"rendered":"http:\/\/www.zonaroja.com.mx\/?p=7980"},"modified":"2020-01-23T15:53:25","modified_gmt":"2020-01-23T21:53:25","slug":"en-medio-dia-del-jueves-van-dos-ejecutados-a-balazos-en-oaxaca","status":"publish","type":"post","link":"https:\/\/zonaroja.com.mx\/?p=7980","title":{"rendered":"En medio d\u00eda del jueves, van dos ejecutados a balazos en Oaxaca"},"content":{"rendered":"\n<p>Redacci\u00f3n\/Zona Roja.<\/p>\n\n\n\n<p>Oaxaca de Ju\u00e1rez, Oax., 23 de enero de\n2020.- En apenas medio d\u00eda del jueves, suman dos personas ejecutadas a balazos,\nuna en la regi\u00f3n Sierra Sur y otra, de nuevo, en la Cuenca del Papaloapan.<\/p>\n\n\n\n<p>Por en\u00e9simo d\u00eda consecutivo, un\nindividuo fue ultimado a balazos en el municipio de San Juan Bautista Tuxtepec,\nen esta ocasi\u00f3n en el Ejido San Bartolo.<\/p>\n\n\n\n<p>En la calle Emiliano Zapata esquina con\nL\u00e1zaro C\u00e1rdenas fue ultimado con disparos de arma de fuego quien fue\nidentificado como Emilio Carrera Carrera, de 39 a\u00f1os de edad, vendedor de\npollos.<\/p>\n\n\n\n<p>Es la v\u00edctima n\u00famero 14, en 23 d\u00edas de\nlo que van del a\u00f1o 2020.<\/p>\n\n\n\n<p>Mientras tanto, en Miahuatl\u00e1n de\nPorfirio D\u00edaz cerca del mediod\u00eda fue ejecutado a balazos un taxista, en la\ncalle Zaragoza de ese municipio ubicado en la regi\u00f3n Sierra Sur del estado.<\/p>\n\n\n\n<p>Sujetos armados dispararon en contra de\nEulalio Salinas Bautista, quien se desplazaba en su unidad con n\u00famero econ\u00f3mico\n13696 de San Jos\u00e9 del Pe\u00f1asco.<\/p>\n\n\n\n<p>En ninguno de los dos casos se han\nreportado detenciones por parte de la Polic\u00eda Estatal o de la Agencia Estatal\nde Investigaciones.<\/p>\n","protected":false},"excerpt":{"rendered":"<p>Redacci\u00f3n\/Zona Roja. Oaxaca de Ju\u00e1rez, Oax., 23 de enero de 2020.- En apenas medio d\u00eda&hellip;<\/p>\n","protected":false},"author":2,"featured_media":7981,"comment_status":"closed","ping_status":"open","sticky":false,"template":"","format":"standard","meta":{"_lmt_disableupdate":"","_lmt_disable":"","_jetpack_memberships_contains_paid_content":false,"footnotes":""},"categories":[109,51],"tags":[169,118],"class_list":["post-7980","post","type-post","status-publish","format-standard","has-post-thumbnail","hentry","category-minuto-a-minuto","category-zona-roja","tag-miahuatlan-de-porfirio-diaz","tag-san-juan-bautista-tuxtepec"],"jetpack_featured_media_url":"https:\/\/zonaroja.com.mx\/wp-content\/uploads\/2020\/01\/Ejecutado-Tuxtepec-23ene.jpg","jetpack_sharing_enabled":true,"_links":{"self":[{"href":"https:\/\/zonaroja.com.mx\/index.php?rest_route=\/wp\/v2\/posts\/7980","targetHints":{"allow":["GET"]}}],"collection":[{"href":"https:\/\/zonaroja.com.mx\/index.php?rest_route=\/wp\/v2\/posts"}],"about":[{"href":"https:\/\/zonaroja.com.mx\/index.php?rest_route=\/wp\/v2\/types\/post"}],"author":[{"embeddable":true,"href":"https:\/\/zonaroja.com.mx\/index.php?rest_route=\/wp\/v2\/users\/2"}],"replies":[{"embeddable":true,"href":"https:\/\/zonaroja.com.mx\/index.php?rest_route=%2Fwp%2Fv2%2Fcomments&post=7980"}],"version-history":[{"count":1,"href":"https:\/\/zonaroja.com.mx\/index.php?rest_route=\/wp\/v2\/posts\/7980\/revisions"}],"predecessor-version":[{"id":7982,"href":"https:\/\/zonaroja.com.mx\/index.php?rest_route=\/wp\/v2\/posts\/7980\/revisions\/7982"}],"wp:featuredmedia":[{"embeddable":true,"href":"https:\/\/zonaroja.com.mx\/index.php?rest_route=\/wp\/v2\/media\/7981"}],"wp:attachment":[{"href":"https:\/\/zonaroja.com.mx\/index.php?rest_route=%2Fwp%2Fv2%2Fmedia&parent=7980"}],"wp:term":[{"taxonomy":"category","embeddable":true,"href":"https:\/\/zonaroja.com.mx\/index.php?rest_route=%2Fwp%2Fv2%2Fcategories&post=7980"},{"taxonomy":"post_tag","embeddable":true,"href":"https:\/\/zonaroja.com.mx\/index.php?rest_route=%2Fwp%2Fv2%2Ftags&post=7980"}],"curies":[{"name":"wp","href":"https:\/\/api.w.org\/{rel}","templated":true}]}}