{"id":79823,"date":"2025-04-29T11:15:00","date_gmt":"2025-04-29T17:15:00","guid":{"rendered":"https:\/\/zonaroja.com.mx\/?p=79823"},"modified":"2025-04-29T07:48:51","modified_gmt":"2025-04-29T13:48:51","slug":"reporta-ong-alza-de-violencia-politica-en-eleccion-judicial","status":"publish","type":"post","link":"https:\/\/zonaroja.com.mx\/?p=79823","title":{"rendered":"Reporta ONG alza de violencia pol\u00edtica en elecci\u00f3n judicial"},"content":{"rendered":"\n<p>Redacci\u00f3n\/Zona Roja Cdmx.<\/p>\n\n\n\n<p>Ciudad de M\u00e9xico, a 29 de abril de 2025.- La organizaci\u00f3n civil Data C\u00edvica advirti\u00f3 este lunes de un aumento del 25% en la violencia pol\u00edtica en M\u00e9xico durante marzo, el primer mes de las campa\u00f1as rumbo a las elecciones judiciales del 1 de junio.<\/p>\n\n\n\n<p>En marzo de 2025, la ONG document\u00f3 50 casos de violencia ejercida por grupos de la delincuencia organizada contra personas vinculadas al \u00e1mbito pol\u00edtico, un 2 % m\u00e1s frente a los 40 registros de febrero, seg\u00fan la m\u00e1s reciente actualizaci\u00f3n del informe \u2018Votar entre balas\u2019.<\/p>\n\n\n\n<p>\u201cLos estados m\u00e1s afectados fueron Guanajuato (8), Sinaloa (8), Guerrero (6), Morelos (5) y Veracruz (5)\u201d, apunt\u00f3 la organizaci\u00f3n.<\/p>\n\n\n\n<p>En Morelos, la ONG document\u00f3 amenazas dirigidas a personas juzgadoras, atribuidas a la organizaci\u00f3n criminal y narcotraficante conocida como la Familia Michoacana.<\/p>\n\n\n\n<p>\u201cSe trat\u00f3 de la colocaci\u00f3n de una narcomanta en la que se amenazaba a tres magistrados del Tribunal Superior de Justicia (TSJ), a quienes se les acusaba de haber liberado a dos presuntos sicarios implicados en un ataque ocurrido en el poblado de Anenecuilco a inicios del mes\u201d, detall\u00f3 la organizaci\u00f3n.<\/p>\n\n\n\n<p>Mientras que en Veracruz, Data C\u00edvica registr\u00f3 dos ataques dirigidos en contra de candidatos a alcald\u00edas, quienes se retiraron de la contienda electoral a ra\u00edz diversos hechos violentos y amenazas.<\/p>\n\n\n\n<p>\u201cEn Veracruz, la violencia pol\u00edtico-criminal ha obligado a dos personas candidatas a renunciar al pr\u00f3ximo proceso electoral en la entidad, donde se votar\u00e1n 221 cargos locales\u201d, advirti\u00f3 la ONG.<\/p>\n\n\n\n<p>A la par de las elecciones judiciales en junio, este a\u00f1o los estados de Veracruz y Durango tambi\u00e9n celebrar\u00e1n comicios locales.<\/p>\n\n\n\n<p>Finalmente, la organizaci\u00f3n recapitul\u00f3 que, seg\u00fan su conteo, de 2018 a 2025, se han registrado 2 mil 410 ataques, asesinatos, atentados y amenazas contra personas asociadas con el \u00e1mbito pol\u00edtico, gubernamental o contra instalaciones de gobierno o partidos.<\/p>\n\n\n\n<p>Data C\u00edvica se\u00f1al\u00f3 que 2024 ha sido el a\u00f1o con m\u00e1s eventos de violencia pol\u00edtico-criminal, con 661 casos, en comparaci\u00f3n con 2023, que cerr\u00f3 con 570.<\/p>\n\n\n\n<p>En poco m\u00e1s de un mes, el 1 de junio de 2025, M\u00e9xico tendr\u00e1 su primera elecci\u00f3n al Poder Judicial, cuando un r\u00e9cord de 99.7 millones de votantes est\u00e1n llamados a elegir por primera vez 881 cargos de entre 3 mil 422 candidatos, que incluyen la Suprema Corte, el nuevo Tribunal de Disciplina Judicial y el Tribunal Electoral.<\/p>\n\n\n\n<p>Las campa\u00f1as comenzaron el pasado 30 de marzo y terminar\u00e1n el 28 de mayo, con alertas de la oposici\u00f3n, organismos internacionales como la ONU, actuales jueces y asociaciones civiles de una posible intromisi\u00f3n del Ejecutivo y del crimen organizado en los comicios.<\/p>\n\n\n\n<p>(Con informaci\u00f3n de EFE, en L\u00f3pez-D\u00f3riga Digital)<\/p>\n","protected":false},"excerpt":{"rendered":"<p>Redacci\u00f3n\/Zona Roja Cdmx. Ciudad de M\u00e9xico, a 29 de abril de 2025.- La organizaci\u00f3n civil&hellip;<\/p>\n","protected":false},"author":2,"featured_media":79824,"comment_status":"closed","ping_status":"open","sticky":false,"template":"","format":"standard","meta":{"_lmt_disableupdate":"","_lmt_disable":"","_jetpack_memberships_contains_paid_content":false,"footnotes":""},"categories":[109,46],"tags":[],"class_list":["post-79823","post","type-post","status-publish","format-standard","has-post-thumbnail","hentry","category-minuto-a-minuto","category-zona-blanca"],"jetpack_featured_media_url":"https:\/\/zonaroja.com.mx\/wp-content\/uploads\/2025\/04\/Eleccion-Poder-Judicial.jpg","jetpack_sharing_enabled":true,"_links":{"self":[{"href":"https:\/\/zonaroja.com.mx\/index.php?rest_route=\/wp\/v2\/posts\/79823","targetHints":{"allow":["GET"]}}],"collection":[{"href":"https:\/\/zonaroja.com.mx\/index.php?rest_route=\/wp\/v2\/posts"}],"about":[{"href":"https:\/\/zonaroja.com.mx\/index.php?rest_route=\/wp\/v2\/types\/post"}],"author":[{"embeddable":true,"href":"https:\/\/zonaroja.com.mx\/index.php?rest_route=\/wp\/v2\/users\/2"}],"replies":[{"embeddable":true,"href":"https:\/\/zonaroja.com.mx\/index.php?rest_route=%2Fwp%2Fv2%2Fcomments&post=79823"}],"version-history":[{"count":1,"href":"https:\/\/zonaroja.com.mx\/index.php?rest_route=\/wp\/v2\/posts\/79823\/revisions"}],"predecessor-version":[{"id":79825,"href":"https:\/\/zonaroja.com.mx\/index.php?rest_route=\/wp\/v2\/posts\/79823\/revisions\/79825"}],"wp:featuredmedia":[{"embeddable":true,"href":"https:\/\/zonaroja.com.mx\/index.php?rest_route=\/wp\/v2\/media\/79824"}],"wp:attachment":[{"href":"https:\/\/zonaroja.com.mx\/index.php?rest_route=%2Fwp%2Fv2%2Fmedia&parent=79823"}],"wp:term":[{"taxonomy":"category","embeddable":true,"href":"https:\/\/zonaroja.com.mx\/index.php?rest_route=%2Fwp%2Fv2%2Fcategories&post=79823"},{"taxonomy":"post_tag","embeddable":true,"href":"https:\/\/zonaroja.com.mx\/index.php?rest_route=%2Fwp%2Fv2%2Ftags&post=79823"}],"curies":[{"name":"wp","href":"https:\/\/api.w.org\/{rel}","templated":true}]}}