{"id":79828,"date":"2025-04-29T13:10:00","date_gmt":"2025-04-29T19:10:00","guid":{"rendered":"https:\/\/zonaroja.com.mx\/?p=79828"},"modified":"2025-04-29T08:12:04","modified_gmt":"2025-04-29T14:12:04","slug":"que-siempre-si-detuvieron-con-arma-y-dinero-a-un-delegado-del-imss","status":"publish","type":"post","link":"https:\/\/zonaroja.com.mx\/?p=79828","title":{"rendered":"Que siempre s\u00ed detuvieron con arma y dinero a un delegado del IMSS"},"content":{"rendered":"\n<p>Redacci\u00f3n\/Zona Roja Cdmx.<\/p>\n\n\n\n<p>Ciudad de M\u00e9xico, a 29 de abril de 2025.- El titular de la Secretar\u00eda de Seguridad P\u00fablica de Tamaulipas, Sergio Ch\u00e1vez Garc\u00eda, confirm\u00f3 que polic\u00edas estatales detuvieron el martes pasado al delegado del Instituto Mexicano del Seguro Social (IMSS) en el estado, Jos\u00e9 Luis Aranza Aguilar. Al funcionario, precis\u00f3, le fueron decomisados un arma y 298 mil pesos, no 3 millones, como fuentes extraoficiales difundieron inicialmente.<\/p>\n\n\n\n<p>En entrevista colectiva, el funcionario explic\u00f3 que la Fiscal\u00eda General de Justicia del Estado (FGJE) tiene diversas l\u00edneas de investigaci\u00f3n en torno al caso y que esa instituci\u00f3n determinar\u00e1 cu\u00e1ndo se ha-r\u00e1n p\u00fablicas.<\/p>\n\n\n\n<p>Interrogado sobre lo sucedido el 23 de abril, el funcionario respondi\u00f3: \u201cno se consider\u00f3 que hubiese un acto delictivo. El se\u00f1or es de procedencia naval. La cantidad, siendo delegado federal del IMSS, no est\u00e1 estipulada una cifra que alguien pueda trasladar. \u00c9l lo primero que dijo fue: \u2018eso no es m\u00edo\u2019. Entonces, de que estaba ah\u00ed, ah\u00ed estaba tanto el dinero co-mo el arma. Eran 298 mil pesos\u201d.<\/p>\n\n\n\n<p>Apunt\u00f3 que dos de los polic\u00edas del Agrupamiento Motorizado Linces que arrestaron a Jos\u00e9 Luis Aranza est\u00e1n en libertad, y sus declaraciones ante el Ministerio Publico son parte de las pesquisas. \u201cNo est\u00e1n suspendidos, est\u00e1n en actividades normales\u201d, precis\u00f3.<\/p>\n\n\n\n<p>Sobre la presencia de numerosos uniformados durante la aprehensi\u00f3n de Aranza Aguilar en Ciudad Victoria, Sergio Ch\u00e1vez explic\u00f3 que los Linces solicitaron refuerzos y \u201cacudieron pr\u00e1cticamente todas las unidades que estaban en el primer cuadro de la ciudad, tanto de g\u00e9nero como de la coordinaci\u00f3n estatal, y esto hizo que cuando llegaron autoridades de mayor jerarqu\u00eda de la Guardia Estatal se normalizara la situaci\u00f3n\u201d.<\/p>\n\n\n\n<p>Se le pregunt\u00f3 sobre las versiones que apuntan a que al delegado se le habr\u00eda sembrado un arma, a lo cual Ch\u00e1vez Garc\u00eda contest\u00f3 que ese aspecto est\u00e1 bajo investigaci\u00f3n de la FGJE, que se encargar\u00e1 de esclarecer lo sucedido.<\/p>\n\n\n\n<p>(Informaci\u00f3n de \u201cLa Jornada\u201d)<\/p>\n","protected":false},"excerpt":{"rendered":"<p>Redacci\u00f3n\/Zona Roja Cdmx. Ciudad de M\u00e9xico, a 29 de abril de 2025.- El titular de&hellip;<\/p>\n","protected":false},"author":2,"featured_media":79636,"comment_status":"closed","ping_status":"open","sticky":false,"template":"","format":"standard","meta":{"_lmt_disableupdate":"","_lmt_disable":"","_jetpack_memberships_contains_paid_content":false,"footnotes":""},"categories":[109,47],"tags":[],"class_list":["post-79828","post","type-post","status-publish","format-standard","has-post-thumbnail","hentry","category-minuto-a-minuto","category-zona-gris"],"jetpack_featured_media_url":"https:\/\/zonaroja.com.mx\/wp-content\/uploads\/2025\/04\/Delegado-IMSS-Tamaulipas.jpg","jetpack_sharing_enabled":true,"_links":{"self":[{"href":"https:\/\/zonaroja.com.mx\/index.php?rest_route=\/wp\/v2\/posts\/79828","targetHints":{"allow":["GET"]}}],"collection":[{"href":"https:\/\/zonaroja.com.mx\/index.php?rest_route=\/wp\/v2\/posts"}],"about":[{"href":"https:\/\/zonaroja.com.mx\/index.php?rest_route=\/wp\/v2\/types\/post"}],"author":[{"embeddable":true,"href":"https:\/\/zonaroja.com.mx\/index.php?rest_route=\/wp\/v2\/users\/2"}],"replies":[{"embeddable":true,"href":"https:\/\/zonaroja.com.mx\/index.php?rest_route=%2Fwp%2Fv2%2Fcomments&post=79828"}],"version-history":[{"count":1,"href":"https:\/\/zonaroja.com.mx\/index.php?rest_route=\/wp\/v2\/posts\/79828\/revisions"}],"predecessor-version":[{"id":79829,"href":"https:\/\/zonaroja.com.mx\/index.php?rest_route=\/wp\/v2\/posts\/79828\/revisions\/79829"}],"wp:featuredmedia":[{"embeddable":true,"href":"https:\/\/zonaroja.com.mx\/index.php?rest_route=\/wp\/v2\/media\/79636"}],"wp:attachment":[{"href":"https:\/\/zonaroja.com.mx\/index.php?rest_route=%2Fwp%2Fv2%2Fmedia&parent=79828"}],"wp:term":[{"taxonomy":"category","embeddable":true,"href":"https:\/\/zonaroja.com.mx\/index.php?rest_route=%2Fwp%2Fv2%2Fcategories&post=79828"},{"taxonomy":"post_tag","embeddable":true,"href":"https:\/\/zonaroja.com.mx\/index.php?rest_route=%2Fwp%2Fv2%2Ftags&post=79828"}],"curies":[{"name":"wp","href":"https:\/\/api.w.org\/{rel}","templated":true}]}}