{"id":7983,"date":"2020-01-23T16:02:22","date_gmt":"2020-01-23T22:02:22","guid":{"rendered":"http:\/\/www.zonaroja.com.mx\/?p=7983"},"modified":"2020-01-23T16:02:27","modified_gmt":"2020-01-23T22:02:27","slug":"firman-uabjo-y-semarnat-convenio-de-colaboracion-para-formacion-academica","status":"publish","type":"post","link":"https:\/\/zonaroja.com.mx\/?p=7983","title":{"rendered":"Firman UABJO y Semarnat convenio de colaboraci\u00f3n para formaci\u00f3n acad\u00e9mica"},"content":{"rendered":"\n<p>Redacci\u00f3n\/Zona Roja.<\/p>\n\n\n\n<p>Oaxaca de Ju\u00e1rez, Oax., 23 de enero de\n2020.- La Secretar\u00eda del Medio Ambiente y Recursos Naturales y &nbsp;la Universidad Aut\u00f3noma \u201cBenito Ju\u00e1rez\u201d de\nOaxaca, firmaron un convenio de colaboraci\u00f3n con el objetivo de ampliar o\nenriquecer los elementos educativos, de investigaci\u00f3n, vinculaci\u00f3n y servicio a\nla comunidad en el caso de la UABJO.<\/p>\n\n\n\n<p>Asimismo, de pol\u00edticas p\u00fablicas con\nrespecto de la Semarnat, relacionado con el cuidado y mejoramiento del medio\nambiente local, regional, nacional e internacional.<\/p>\n\n\n\n<p>El documento fue signado en la Ciudad de\nM\u00e9xico por el titular de la Semarnat a nivel nacional, V\u00edctor M. Toledo, y el\nrector de la m\u00e1xima casa de estudios de la entidad oaxaque\u00f1a, Eduardo Bautista\nMart\u00ednez.<\/p>\n\n\n\n<p>Los temas a considerar son las\nproblem\u00e1ticas relativas al impacto y mitigaci\u00f3n del cambio clim\u00e1tico,\ndesarrollo de opciones productivas agroecol\u00f3gicas ben\u00e9ficas para el medio\nambiente y alimentaci\u00f3n y salud de la poblaci\u00f3n, proyectos ligados a la\ngeneraci\u00f3n de energ\u00edas limpias y a la transici\u00f3n energ\u00e9tica, o en cualquier\notro aspecto del desarrollo regional en el que se impliquen la mejora y\/o\nreconstituci\u00f3n de los ecosistemas y el bienestar de los habitantes de la\nentidad y la regi\u00f3n.<\/p>\n\n\n\n<p>El secretario V\u00edctor M. Toledo destac\u00f3\nque la dependencia ha visto grandes avances en diferentes universidades del\npa\u00eds, especialmente en el tema ambiental. <\/p>\n\n\n\n<p>Dijo que uno de los aspectos importantes\nde este tipo de convenios es fortalecer la comunalidad y propuso la\norganizaci\u00f3n de un foro para trabajar este tema m\u00e1s a fondo.<\/p>\n\n\n\n<p>En el caso de Oaxaca, celebr\u00f3 los\navances que la ciudadan\u00eda ha logrado a trav\u00e9s de pr\u00e1cticas ecol\u00f3gicas exitosas\ny calific\u00f3 a la entidad como \u201cel coraz\u00f3n del M\u00e9xico profundo\u201d porque es en\ndonde el tema biocultural ha alcanzado su m\u00e1xima expresi\u00f3n.<\/p>\n\n\n\n<p>Por su parte, el rector Eduardo Bautista\nagradeci\u00f3 el acompa\u00f1amiento de la Semarnat a trav\u00e9s de este convenio y anunci\u00f3\nque la instituci\u00f3n a su cargo ya trabaja en acciones espec\u00edficas, como el hecho\nde que el nuevo modelo educativo de la Universidad contempla como eje vertebral\nlos temas ambientales.<\/p>\n\n\n\n<p>En cuanto a la bioculturalidad a la que\nhizo referencia el titular de la Secretar\u00eda, coment\u00f3 que la UABJO es una de las\ninstituciones m\u00e1s plurales del pa\u00eds, ya que el 40 por ciento de su matr\u00edcula la\nconforman estudiantes provenientes de pueblos ind\u00edgenas y son hablantes de sus\nlenguas originarias.<\/p>\n\n\n\n<p>El convenio signado en este encuentro\nestablece que la dependencia federal otorgar\u00e1 facilidades y, en la medida de\nsus atribuciones y recursos, apoyar\u00e1 y acompa\u00f1ar\u00e1 los procesos educativos y de\ninvestigaci\u00f3n de la UABJO en materia ambiental. <\/p>\n\n\n\n<p>En ese mismo tenor, ayudar\u00e1 y acompa\u00f1ar\u00e1\nel servicio social y las pr\u00e1cticas profesionales de los estudiantes que se\ninteresen en la tem\u00e1tica ambiental.<\/p>\n\n\n\n<p>Adem\u00e1s, acompa\u00f1ar\u00e1 y otorgar\u00e1 las\nfacilidades que se ubiquen en el marco de los objetivos y condicionantes del\npresente convenio para impulsar actividades escolares, de investigaci\u00f3n y de\nvinculaci\u00f3n relacionadas con el cuidado de bosques y selvas, preservaci\u00f3n de\nespecies end\u00e9micas en peligro de extinci\u00f3n, conservaci\u00f3n de flora y fauna en\nlas regiones de participaci\u00f3n y\/o de intervenci\u00f3n, mitigaci\u00f3n y prevenci\u00f3n de\nlos efectos negativos del cambio clim\u00e1tico, de gesti\u00f3n integral de residuos\ns\u00f3lidos, saneamiento y cuidado de los recursos h\u00eddricos y del aire, entre\notros.<\/p>\n\n\n\n<p>Por su parte, la UABJO mantendr\u00e1&nbsp; y desarrollar\u00e1 un programa de armonizaci\u00f3n en\nmateria ambiental con la Semarnat, con un esfuerzo especial en reforzar, poner\nal d\u00eda y, en su caso, dar una mayor cobertura e importancia en sus planes y\nprogramas de estudio a los temas ya mencionados.<\/p>\n\n\n\n<p>Tambi\u00e9n trabajar\u00e1 programas y campa\u00f1as\nde capacitaci\u00f3n y formaci\u00f3n en materia ambiental que, adem\u00e1s de inscribirse en\nel objetivo mayor de lograr una mejora sustantiva en la ense\u00f1anza escolarizada,\npermita mejorar los niveles de conocimiento y de conciencia en su personal\ndocente, de investigaci\u00f3n y administrativo, de cuidado, preservaci\u00f3n y mejora\ndel medio ambiente en todos los niveles que lo implican.<\/p>\n","protected":false},"excerpt":{"rendered":"<p>Redacci\u00f3n\/Zona Roja. Oaxaca de Ju\u00e1rez, Oax., 23 de enero de 2020.- La Secretar\u00eda del Medio&hellip;<\/p>\n","protected":false},"author":2,"featured_media":7984,"comment_status":"closed","ping_status":"open","sticky":false,"template":"","format":"standard","meta":{"_lmt_disableupdate":"","_lmt_disable":"","_jetpack_memberships_contains_paid_content":false,"footnotes":""},"categories":[109,46],"tags":[360,282],"class_list":["post-7983","post","type-post","status-publish","format-standard","has-post-thumbnail","hentry","category-minuto-a-minuto","category-zona-blanca","tag-rector-eduardo-bautista-martinez","tag-universidad-autonoma-benito-juarez-de-oaxaca"],"jetpack_featured_media_url":"https:\/\/zonaroja.com.mx\/wp-content\/uploads\/2020\/01\/Convenio-UABJO.jpg","jetpack_sharing_enabled":true,"_links":{"self":[{"href":"https:\/\/zonaroja.com.mx\/index.php?rest_route=\/wp\/v2\/posts\/7983","targetHints":{"allow":["GET"]}}],"collection":[{"href":"https:\/\/zonaroja.com.mx\/index.php?rest_route=\/wp\/v2\/posts"}],"about":[{"href":"https:\/\/zonaroja.com.mx\/index.php?rest_route=\/wp\/v2\/types\/post"}],"author":[{"embeddable":true,"href":"https:\/\/zonaroja.com.mx\/index.php?rest_route=\/wp\/v2\/users\/2"}],"replies":[{"embeddable":true,"href":"https:\/\/zonaroja.com.mx\/index.php?rest_route=%2Fwp%2Fv2%2Fcomments&post=7983"}],"version-history":[{"count":1,"href":"https:\/\/zonaroja.com.mx\/index.php?rest_route=\/wp\/v2\/posts\/7983\/revisions"}],"predecessor-version":[{"id":7985,"href":"https:\/\/zonaroja.com.mx\/index.php?rest_route=\/wp\/v2\/posts\/7983\/revisions\/7985"}],"wp:featuredmedia":[{"embeddable":true,"href":"https:\/\/zonaroja.com.mx\/index.php?rest_route=\/wp\/v2\/media\/7984"}],"wp:attachment":[{"href":"https:\/\/zonaroja.com.mx\/index.php?rest_route=%2Fwp%2Fv2%2Fmedia&parent=7983"}],"wp:term":[{"taxonomy":"category","embeddable":true,"href":"https:\/\/zonaroja.com.mx\/index.php?rest_route=%2Fwp%2Fv2%2Fcategories&post=7983"},{"taxonomy":"post_tag","embeddable":true,"href":"https:\/\/zonaroja.com.mx\/index.php?rest_route=%2Fwp%2Fv2%2Ftags&post=7983"}],"curies":[{"name":"wp","href":"https:\/\/api.w.org\/{rel}","templated":true}]}}