{"id":79836,"date":"2025-04-29T21:11:35","date_gmt":"2025-04-30T03:11:35","guid":{"rendered":"https:\/\/zonaroja.com.mx\/?p=79836"},"modified":"2025-04-29T21:11:37","modified_gmt":"2025-04-30T03:11:37","slug":"sentencian-a-dos-personas-por-asesinato-de-periodista-en-oaxaca","status":"publish","type":"post","link":"https:\/\/zonaroja.com.mx\/?p=79836","title":{"rendered":"Sentencian a dos personas por asesinato de periodista en Oaxaca"},"content":{"rendered":"\n<p>Raymundo Morales\/Zona Roja.<\/p>\n\n\n\n<p>Oaxaca de Ju\u00e1rez, Oax., a 29 de abril de 2025.- Tres a\u00f1os despu\u00e9s, el Poder Judicial federal determin\u00f3 que dos personas son culpables del asesinato del periodista oaxaque\u00f1o H\u00e9ber L\u00f3pez V\u00e1squez.<\/p>\n\n\n\n<p>Sus familiares informaron que ayer lunes 28 de abril se realiz\u00f3 la \u00faltima audiencia del proceso judicial contra Ricardo E. C. y Ricardo G. R., acusados del crimen perpetrado el 10 de febrero de 2022.<\/p>\n\n\n\n<p>La audiencia tuvo lugar en el Centro de Justicia Penal Federal, ubicado en el municipio de San Bartolo Coyotepec, Oaxaca.<\/p>\n\n\n\n<p>La jueza Guadalupe Patricia Ju\u00e1rez Hern\u00e1ndez resolvi\u00f3 que Ricardo E. C. y Ricardo G. R. &nbsp;son penalmente responsables del homicidio calificado de Heber,&nbsp; ultimado a balazos mientras se encontraba en su oficina ubicada en la avenida Manuel \u00c1vila Camacho, en el Barrio Espinal de Salina Cruz.<\/p>\n\n\n\n<p>Ser\u00e1 en los pr\u00f3ximos d\u00edas cuando la jueza del Poder Judicial federal emita la sentencia que determinar\u00e1 los a\u00f1os de condena para los sentenciados.<\/p>\n\n\n\n<p>Cabe se\u00f1alar que uno de los procesados es hermano de Arminda Espinosa Cartas, ex agente municipal de Salinas del Marqu\u00e9s durante el periodo 2019-2021.<\/p>\n","protected":false},"excerpt":{"rendered":"<p>Raymundo Morales\/Zona Roja. Oaxaca de Ju\u00e1rez, Oax., a 29 de abril de 2025.- Tres a\u00f1os&hellip;<\/p>\n","protected":false},"author":2,"featured_media":79837,"comment_status":"closed","ping_status":"open","sticky":false,"template":"","format":"standard","meta":{"_lmt_disableupdate":"","_lmt_disable":"","_jetpack_memberships_contains_paid_content":false,"footnotes":""},"categories":[109,47],"tags":[3029],"class_list":["post-79836","post","type-post","status-publish","format-standard","has-post-thumbnail","hentry","category-minuto-a-minuto","category-zona-gris","tag-heber-lopez-vasquez"],"jetpack_featured_media_url":"https:\/\/zonaroja.com.mx\/wp-content\/uploads\/2025\/04\/Heber-Lopez-Vasquez.jpg","jetpack_sharing_enabled":true,"_links":{"self":[{"href":"https:\/\/zonaroja.com.mx\/index.php?rest_route=\/wp\/v2\/posts\/79836","targetHints":{"allow":["GET"]}}],"collection":[{"href":"https:\/\/zonaroja.com.mx\/index.php?rest_route=\/wp\/v2\/posts"}],"about":[{"href":"https:\/\/zonaroja.com.mx\/index.php?rest_route=\/wp\/v2\/types\/post"}],"author":[{"embeddable":true,"href":"https:\/\/zonaroja.com.mx\/index.php?rest_route=\/wp\/v2\/users\/2"}],"replies":[{"embeddable":true,"href":"https:\/\/zonaroja.com.mx\/index.php?rest_route=%2Fwp%2Fv2%2Fcomments&post=79836"}],"version-history":[{"count":1,"href":"https:\/\/zonaroja.com.mx\/index.php?rest_route=\/wp\/v2\/posts\/79836\/revisions"}],"predecessor-version":[{"id":79838,"href":"https:\/\/zonaroja.com.mx\/index.php?rest_route=\/wp\/v2\/posts\/79836\/revisions\/79838"}],"wp:featuredmedia":[{"embeddable":true,"href":"https:\/\/zonaroja.com.mx\/index.php?rest_route=\/wp\/v2\/media\/79837"}],"wp:attachment":[{"href":"https:\/\/zonaroja.com.mx\/index.php?rest_route=%2Fwp%2Fv2%2Fmedia&parent=79836"}],"wp:term":[{"taxonomy":"category","embeddable":true,"href":"https:\/\/zonaroja.com.mx\/index.php?rest_route=%2Fwp%2Fv2%2Fcategories&post=79836"},{"taxonomy":"post_tag","embeddable":true,"href":"https:\/\/zonaroja.com.mx\/index.php?rest_route=%2Fwp%2Fv2%2Ftags&post=79836"}],"curies":[{"name":"wp","href":"https:\/\/api.w.org\/{rel}","templated":true}]}}