{"id":79839,"date":"2025-04-29T22:02:09","date_gmt":"2025-04-30T04:02:09","guid":{"rendered":"https:\/\/zonaroja.com.mx\/?p=79839"},"modified":"2025-04-29T22:02:11","modified_gmt":"2025-04-30T04:02:11","slug":"asesinan-a-tres-personas-en-el-istmo-y-a-una-en-la-mixteca","status":"publish","type":"post","link":"https:\/\/zonaroja.com.mx\/?p=79839","title":{"rendered":"Asesinan a tres personas en el Istmo y a una en la Mixteca"},"content":{"rendered":"\n<p>Ismael Garc\u00eda M.\/Zona Roja.<\/p>\n\n\n\n<p>Oaxaca de Ju\u00e1rez, Oax., a 29 de abril de 2025.- Dos personas fueron ejecutadas a balazos la tarde de este martes en el municipio de Mat\u00edas Romero Avenda\u00f1o.<\/p>\n\n\n\n<p>El ataque armado ocurri\u00f3 en el interior del bar \u201cJomar\u201d, ubicado en la avenida La Luz de la colonia Robles Oriente, por parte de sujetos que dispararon de manera directa en contra de las v\u00edctimas.<\/p>\n\n\n\n<p>Tras ello, les dejaron adem\u00e1s una cartulina presuntamente con amenazas; hasta ahora no han sido identificados y la Vicefiscal\u00eda Regional del Istmo realiza las investigaciones correspondientes.<\/p>\n\n\n\n<p>Horas antes, en el municipio de Juchit\u00e1n de Zaragoza fue localizado un cuerpo sin vida, con varios impactos de arma de fuego y huellas de tortura.<\/p>\n\n\n\n<p>Fue localizado por pobladores en un terreno bald\u00edo de la S\u00e9ptima Secci\u00f3n, luego de lo cual arribaron corporaciones policiacas, que corroboraron el hecho.<\/p>\n\n\n\n<p>No obstante, los familiares retiraron de inmediato el cuerpo de quien fue identificado como Roberto Aldair E. M., de aproximadamente 23 a\u00f1os de edad.<\/p>\n\n\n\n<p>Mientras tanto durante la ma\u00f1ana de este d\u00eda, en Huajuapan de Le\u00f3n fue ejecutado un individuo, en la calle Pedro Moreno, en la colonia La Merced.<\/p>\n\n\n\n<p>Polic\u00edas arribaron al sitio pero s\u00f3lo para acordonar la escena del crimen, pues hasta el momento no hay personas detenidas.<\/p>\n\n\n\n<p>La v\u00edctima a\u00fan no ha sido identificada hasta el momento y su cuerpo presenta varios impactos de arma de fuego; personal de la Vicefiscal\u00eda Regional de la Mixteca contin\u00faa con las indagatorias.<\/p>\n","protected":false},"excerpt":{"rendered":"<p>Ismael Garc\u00eda M.\/Zona Roja. Oaxaca de Ju\u00e1rez, Oax., a 29 de abril de 2025.- Dos&hellip;<\/p>\n","protected":false},"author":2,"featured_media":79840,"comment_status":"closed","ping_status":"open","sticky":false,"template":"","format":"standard","meta":{"_lmt_disableupdate":"","_lmt_disable":"","_jetpack_memberships_contains_paid_content":false,"footnotes":""},"categories":[109,51],"tags":[594,228],"class_list":["post-79839","post","type-post","status-publish","format-standard","has-post-thumbnail","hentry","category-minuto-a-minuto","category-zona-roja","tag-huajuapan-de-leon","tag-matias-romero-avendano"],"jetpack_featured_media_url":"https:\/\/zonaroja.com.mx\/wp-content\/uploads\/2025\/04\/Ejecutados-Matias-romero.jpg","jetpack_sharing_enabled":true,"_links":{"self":[{"href":"https:\/\/zonaroja.com.mx\/index.php?rest_route=\/wp\/v2\/posts\/79839","targetHints":{"allow":["GET"]}}],"collection":[{"href":"https:\/\/zonaroja.com.mx\/index.php?rest_route=\/wp\/v2\/posts"}],"about":[{"href":"https:\/\/zonaroja.com.mx\/index.php?rest_route=\/wp\/v2\/types\/post"}],"author":[{"embeddable":true,"href":"https:\/\/zonaroja.com.mx\/index.php?rest_route=\/wp\/v2\/users\/2"}],"replies":[{"embeddable":true,"href":"https:\/\/zonaroja.com.mx\/index.php?rest_route=%2Fwp%2Fv2%2Fcomments&post=79839"}],"version-history":[{"count":1,"href":"https:\/\/zonaroja.com.mx\/index.php?rest_route=\/wp\/v2\/posts\/79839\/revisions"}],"predecessor-version":[{"id":79841,"href":"https:\/\/zonaroja.com.mx\/index.php?rest_route=\/wp\/v2\/posts\/79839\/revisions\/79841"}],"wp:featuredmedia":[{"embeddable":true,"href":"https:\/\/zonaroja.com.mx\/index.php?rest_route=\/wp\/v2\/media\/79840"}],"wp:attachment":[{"href":"https:\/\/zonaroja.com.mx\/index.php?rest_route=%2Fwp%2Fv2%2Fmedia&parent=79839"}],"wp:term":[{"taxonomy":"category","embeddable":true,"href":"https:\/\/zonaroja.com.mx\/index.php?rest_route=%2Fwp%2Fv2%2Fcategories&post=79839"},{"taxonomy":"post_tag","embeddable":true,"href":"https:\/\/zonaroja.com.mx\/index.php?rest_route=%2Fwp%2Fv2%2Ftags&post=79839"}],"curies":[{"name":"wp","href":"https:\/\/api.w.org\/{rel}","templated":true}]}}