{"id":79854,"date":"2025-04-30T11:15:00","date_gmt":"2025-04-30T17:15:00","guid":{"rendered":"https:\/\/zonaroja.com.mx\/?p=79854"},"modified":"2025-04-30T07:47:56","modified_gmt":"2025-04-30T13:47:56","slug":"deslumbra-oaxaca-en-inauguracion-del-tianguis-turistico-2025","status":"publish","type":"post","link":"https:\/\/zonaroja.com.mx\/?p=79854","title":{"rendered":"Deslumbra Oaxaca en inauguraci\u00f3n del Tianguis Tur\u00edstico 2025"},"content":{"rendered":"\n<p>Redacci\u00f3n\/Zona Roja Cdmx.<\/p>\n\n\n\n<p>Oaxaca, Oax., a 30 de abril de 2025.- Oaxaca deslumbra en la edici\u00f3n 49 del Tianguis Tur\u00edstico 2025 que se realiza en Baja California, el encuentro m\u00e1s importante de Am\u00e9rica y por primera vez binacional, el cual fue inaugurado por la secretaria de Turismo Federal, Josefina Rodr\u00edguez Zamora, en el cual se difunde y promueve la enorme oferta y diversidad del estado.<\/p>\n\n\n\n<p>En representaci\u00f3n del gobernador Salom\u00f3n Jara Cruz asisti\u00f3 la titular de la Secretar\u00eda de Turismo Oaxaca, Saymi Pineda Velasco, quien destac\u00f3 que, con esta participaci\u00f3n se busca detonar la econom\u00eda y promocionar el potencial de los atractivos naturales, sociales y culturales del estado, para lograr una prosperidad compartida, y as\u00ed llevar bienestar a las ocho regiones.<\/p>\n\n\n\n<p>Posterior a la ceremonia de inauguraci\u00f3n, Pineda Velasco junto a su hom\u00f3loga federal, adem\u00e1s, la gobernadora de Baja California, Marina del Pilar \u00c1vila Olmeda e integrantes de la delegaci\u00f3n oaxaque\u00f1a; realizaron el corte del list\u00f3n que marc\u00f3 la apertura del stand de Oaxaca y, con ello, el inicio de las jornadas de promoci\u00f3n tur\u00edstica de la entidad.<\/p>\n\n\n\n<p>En este foro de negocios basado en citas preestablecidas entre compradores y expositores, Oaxaca cuenta con un espacio de 432 metros cuadrados, 44 mesas de trabajo, dos salas de juntas, cinco barras de atenci\u00f3n, un c\u00f3rner para degustaci\u00f3n gastron\u00f3mica y de mezcal, as\u00ed como, exhibidor de artesan\u00edas.<\/p>\n\n\n\n<p>La gastronom\u00eda oaxaque\u00f1a se compartir\u00e1 en el Gran Taco de M\u00e9xico, un escaparate tem\u00e1tico donde se celebra la variedad de uno de los platillos m\u00e1s emblem\u00e1ticos del pa\u00eds, donde Oaxaca participar\u00e1 con tacos enmolados en sus variantes: negro, rojo y coloradito.<\/p>\n\n\n\n<p>Adem\u00e1s, se contemplan reuniones con tour operadores, l\u00edneas a\u00e9reas, cadenas hoteleras, autoridades gubernamentales del sector tur\u00edstico, activaciones gastron\u00f3micas, de mezcal, culturales y artesanales; degustaci\u00f3n por parte del chef David Alarc\u00f3n, quien tiene ra\u00edces oaxaque\u00f1as y es un reconocido exponente en Baja California.<\/p>\n\n\n\n<p>Tambi\u00e9n se realizar\u00e1n degustaciones y catas de mezcal; una presentaci\u00f3n de la Guelaguetza en el \u00e1rea cultural; y se expondr\u00e1 el tallado y elaboraci\u00f3n de m\u00e1scaras de Santiago Juxtlahuaca por el maestro Alejandro Vera Guzm\u00e1n.<\/p>\n\n\n\n<p>Parte del estado, participan 59 personas prestadoras de servicios tur\u00edsticos, autoridades de los municipios de: Oaxaca de Ju\u00e1rez, Santa Mar\u00eda Huatulco, San Pedro Mixtepec, Santa Mar\u00eda Colotepec, Heroica Ciudad de Tlaxiaco, San Pablo Villa de Mitla, Santa Mar\u00eda Tonameca, la agencia municipal de Puerto Escondido, y los Pueblos M\u00e1gicos: San Pablo Villa de Mitla, Santa Catarina Juquila y Mazunte.<\/p>\n\n\n\n<p>Este encuentro, que finaliza el 1 de mayo, lleva la riqueza de M\u00e9xico a la ciudad de San Diego, California, Estados Unidos con una expectativa de asistencia de 10 mil personas diariamente y una derrama econ\u00f3mica de mil 350 millones de pesos.\u00a0 Participan m\u00e1s de 3 mil personas expositoras nacionales, mil 700 compradoras y 44 pa\u00edses invitados.<\/p>\n\n\n\n<figure class=\"wp-block-embed is-type-rich is-provider-twitter wp-block-embed-twitter\"><div class=\"wp-block-embed__wrapper\">\n<div class=\"twitter-tweet\"><blockquote class=\"twitter-tweet\" data-lang=\"es\"><p lang=\"es\" dir=\"ltr\">As\u00ed fue la inauguraci\u00f3n del Tianguis Tur\u00edstico de M\u00e9xico 2025, en Baja California.<br><br>La titular de la <a href=\"https:\/\/twitter.com\/SecturOaxaca?ref_src=twsrc%5Etfw\">@SecturOaxaca<\/a>, <a href=\"https:\/\/twitter.com\/saymipinedav?ref_src=twsrc%5Etfw\">@saymipinedav<\/a>, comparte estos videos de la presencia de Oaxaca en ese encuentro nacional. <a href=\"https:\/\/t.co\/hIAcf5Ziko\">pic.twitter.com\/hIAcf5Ziko<\/a><\/p>&mdash; Zona Roja Oaxaca (@ZonaRoja_Oaxaca) <a href=\"https:\/\/twitter.com\/ZonaRoja_Oaxaca\/status\/1917418321118368154?ref_src=twsrc%5Etfw\">30 de abril de 2025<\/a><\/blockquote><\/div>\n<\/div><\/figure>\n\n\n\n<p>TURISMO COMUNITARIO<\/p>\n\n\n\n<p>Como parte de las acciones para impulsar el desarrollo tur\u00edstico de Oaxaca, la titular de la Secretar\u00eda de Turismo del Estado, Saymi Pineda Velasco firm\u00f3 un convenio para incluir a la entidad en el Programa Nacional de Turismo Comunitario.<\/p>\n\n\n\n<p>El documento fue signado, adem\u00e1s, por la titular de la Secretar\u00eda de Turismo del Gobierno de M\u00e9xico, Josefina Rodr\u00edguez Zamora y sus hom\u00f3logas de los estados de Morelos, Puebla, Baja California Sur, Hidalgo, Michoac\u00e1n y Nayarit.<\/p>\n\n\n\n<p>Con este acuerdo se fija el objetivo de trabajar en acciones estrat\u00e9gicas que contribuyan a implementar distintivos para personas prestadoras de servicios de turismo comunitario, organizar encuentros estatales y conformar la Gu\u00eda Nacional de Experiencias Tur\u00edsticas Comunitarias.<\/p>\n\n\n\n<p>En este tenor, Pineda Velasco refiri\u00f3 que esta gu\u00eda es un proyecto que, junto a la Organizaci\u00f3n de las Naciones Unidas para la Educaci\u00f3n, la Ciencia y la Cultura (Unesco), ofrece rutas y herramientas para la creaci\u00f3n, difusi\u00f3n y promoci\u00f3n de las experiencias tur\u00edsticas comunitarias, con la participaci\u00f3n activa de los gobiernos estatales y de las comunidades.<\/p>\n\n\n\n<p>Resalt\u00f3 que con esta acci\u00f3n Oaxaca es punta de lanza en el fomento de esta industria en M\u00e9xico, al ser de los primeros estados que forman parte de esta iniciativa impulsada desde el Gobierno de M\u00e9xico.&nbsp;<\/p>\n\n\n\n<p>Adem\u00e1s, a trav\u00e9s de este convenio se busca fortalecer y agilizar la comunicaci\u00f3n entre la Sectur federal, las comunidades, colectivos, cooperativas y empresas familiares que ofrecen experiencias de esta rama del turismo.<\/p>\n\n\n\n<p>LO MEJOR DE M\u00c9XICO<\/p>\n\n\n\n<p>Durante la entrega de los premios Lo Mejor de M\u00e9xico 2025 de la revista M\u00e9xico Desconocido, se rindi\u00f3 homenaje al maestro artesano, Don Jos\u00e9 Garc\u00eda Antonio, \u201cEl Se\u00f1or de las Sirenas\u201d, originario de San Antonino Castillo Velasco.<\/p>\n\n\n\n<p>En el marco del Tianguis Tur\u00edstico de M\u00e9xico 2025 en Baja California, el maestro alfarero, que ha creado una obra invaluable a pesar de la p\u00e9rdida de la vista, recibi\u00f3 de manos de la secretaria de Turismo del Gobierno de M\u00e9xico, Josefina Rodr\u00edguez Zamora, un reconocimiento por su destacada trayectoria como productor de piezas con barro.<\/p>\n\n\n\n<p>En un momento emotivo, Rodr\u00edguez Zamora destac\u00f3 que este homenaje es sumamente importante para reconocer el trabajo de Don Jos\u00e9 y su esposa Teresita Mendoza, con quien trabaja conjuntamente desde hace 39 a\u00f1os.<\/p>\n\n\n\n<p>Durante este homenaje, la secretaria de Turismo de Oaxaca, Saymi Pineda Velasco agradeci\u00f3 el reconocimiento a estos maestros artesanos y al estado en esta premiaci\u00f3n. \u201cEl coraz\u00f3n cultural de M\u00e9xico palpita m\u00e1s fuerte que nunca\u201d, destac\u00f3 al tiempo de agradecer el apoyo del Gobierno Federal para visibilizar a las y los artesanos de todo el pa\u00eds.<\/p>\n\n\n\n<p>Asimismo, reconoci\u00f3 a la revista M\u00e9xico Desconocido por creer en Oaxaca, apoyar la promoci\u00f3n del estado y ayudar a que m\u00e1s mexicanas y mexicanos, as\u00ed como turistas internacionales lleguen a los destinos de la entidad.<\/p>\n\n\n\n<p>En la premiaci\u00f3n, Pineda Velasco recibi\u00f3 los reconocimientos para Oaxaca como finalistas en dos categor\u00edas: Mejor Playa para Descubrir en 2025 con Zipolite; y la ciudad de Oaxaca, en la categor\u00eda Mejor Ciudad para Celebrar una Boda Destino.<\/p>\n","protected":false},"excerpt":{"rendered":"<p>Redacci\u00f3n\/Zona Roja Cdmx. Oaxaca, Oax., a 30 de abril de 2025.- Oaxaca deslumbra en la&hellip;<\/p>\n","protected":false},"author":2,"featured_media":79846,"comment_status":"closed","ping_status":"open","sticky":false,"template":"","format":"standard","meta":{"_lmt_disableupdate":"","_lmt_disable":"","_jetpack_memberships_contains_paid_content":false,"footnotes":""},"categories":[109,46],"tags":[1031],"class_list":["post-79854","post","type-post","status-publish","format-standard","has-post-thumbnail","hentry","category-minuto-a-minuto","category-zona-blanca","tag-secretaria-de-turismo-oaxaca"],"jetpack_featured_media_url":"https:\/\/zonaroja.com.mx\/wp-content\/uploads\/2025\/04\/1.Inicia-participacion-de-Oaxaca-en-el-Tianguis-Turistico-2025.jpeg","jetpack_sharing_enabled":true,"_links":{"self":[{"href":"https:\/\/zonaroja.com.mx\/index.php?rest_route=\/wp\/v2\/posts\/79854","targetHints":{"allow":["GET"]}}],"collection":[{"href":"https:\/\/zonaroja.com.mx\/index.php?rest_route=\/wp\/v2\/posts"}],"about":[{"href":"https:\/\/zonaroja.com.mx\/index.php?rest_route=\/wp\/v2\/types\/post"}],"author":[{"embeddable":true,"href":"https:\/\/zonaroja.com.mx\/index.php?rest_route=\/wp\/v2\/users\/2"}],"replies":[{"embeddable":true,"href":"https:\/\/zonaroja.com.mx\/index.php?rest_route=%2Fwp%2Fv2%2Fcomments&post=79854"}],"version-history":[{"count":1,"href":"https:\/\/zonaroja.com.mx\/index.php?rest_route=\/wp\/v2\/posts\/79854\/revisions"}],"predecessor-version":[{"id":79855,"href":"https:\/\/zonaroja.com.mx\/index.php?rest_route=\/wp\/v2\/posts\/79854\/revisions\/79855"}],"wp:featuredmedia":[{"embeddable":true,"href":"https:\/\/zonaroja.com.mx\/index.php?rest_route=\/wp\/v2\/media\/79846"}],"wp:attachment":[{"href":"https:\/\/zonaroja.com.mx\/index.php?rest_route=%2Fwp%2Fv2%2Fmedia&parent=79854"}],"wp:term":[{"taxonomy":"category","embeddable":true,"href":"https:\/\/zonaroja.com.mx\/index.php?rest_route=%2Fwp%2Fv2%2Fcategories&post=79854"},{"taxonomy":"post_tag","embeddable":true,"href":"https:\/\/zonaroja.com.mx\/index.php?rest_route=%2Fwp%2Fv2%2Ftags&post=79854"}],"curies":[{"name":"wp","href":"https:\/\/api.w.org\/{rel}","templated":true}]}}