{"id":79858,"date":"2025-04-30T12:55:00","date_gmt":"2025-04-30T18:55:00","guid":{"rendered":"https:\/\/zonaroja.com.mx\/?p=79858"},"modified":"2025-04-30T07:55:49","modified_gmt":"2025-04-30T13:55:49","slug":"opinion-la-violencia-toca-a-la-puerta-huachicol-en-el-tule","status":"publish","type":"post","link":"https:\/\/zonaroja.com.mx\/?p=79858","title":{"rendered":"Opini\u00f3n. La violencia toca a la puerta: huachicol en el Tule"},"content":{"rendered":"\n<p>N\u00e9stor Y. S\u00e1nchez Islas<\/p>\n\n\n\n<p>Tanto el propio gobierno estatal como los medios dieron la noticia. En las afueras de la planta de Pemex en el Tule fue encontrada una toma clandestina&nbsp;para robo&nbsp;de&nbsp;combustible&nbsp;y&nbsp;fueron&nbsp;detenidos tres malandrines. A\u00fan y cuando la nota no resulta tan escandalosa comparada con la informaci\u00f3n que satura los medios, tiene una trascendencia oculta que deber\u00eda preocuparnos.<\/p>\n\n\n\n<p>El&nbsp;huachicol&nbsp;es una de las ramas del crimen organizado que no solo involucra criminales, sino a empleados de Pemex y funcionarios de gobierno.&nbsp;Solo como contexto, el estado de Guanajuato vive una ola de criminalidad debido a la batalla entre el CJNG y el c\u00e1rtel de Santa Rosa por el control de este negocio. No est\u00e1&nbsp;por&nbsp;dem\u00e1s sospechar que este brutal enfrentamiento en tierras guanajuatenses podr\u00eda estar tolerado&nbsp;o propiciado&nbsp;por&nbsp;el gobierno&nbsp;dado que esa entidad es gobernada por el PAN.<\/p>\n\n\n\n<p>Tener actividades de huachicol en las puertas de nuestra capital significa la presencia de m\u00e1s criminales por nuestras calles en las que, con aut\u00e9ntica suspicacia, se notan&nbsp;cada vez la circulaci\u00f3n de veh\u00edculos de muy alta gama&nbsp;en una ciudad cuya econom\u00eda no es precisamente&nbsp;generosa. Vivimos en riesgo real de que la lucha por el control de ese delito desate balaceras en nuestros suburbios&nbsp;o&nbsp;derrames de combustible en esa zona que contaminar\u00edan todos los sembrad\u00edos de los alrededores.<\/p>\n\n\n\n<p>La normalizaci\u00f3n del crimen propiciada por el gobierno de AMLO provoca que no le demos a una noticia como&nbsp;\u00e9sta&nbsp;la importancia que tiene. No debemos resignarnos ante el crimen y dejar pasar este hecho como uno m\u00e1s de los delitos que se cometen todos los d\u00edas en esta tierra de primavera marchita&nbsp;en que la criminalidad solo ha aumentado en los \u00faltimos a\u00f1os, se ha asimilado en nuestras narrativas y se le tolera o, por lo menos, desde el gobierno se hacen de la vista gorda. Esta percepci\u00f3n&nbsp;de complicidad&nbsp;flota por la redes sociales con intensidad&nbsp;y frecuencia.<\/p>\n\n\n\n<p>La herencia negra del obradorismo dio paso al crecimiento de la subcultura del crimen.&nbsp;La gente ve con simpat\u00eda los actos de rapi\u00f1a&nbsp;cuando hay accidentes carreteros&nbsp;y se&nbsp;tolera&nbsp;como si fuera un acto de justicia social la quema de negocios, el cobro de piso, el despojo&nbsp;o&nbsp;la extorsi\u00f3n.<\/p>\n\n\n\n<p>Esta normalizaci\u00f3n del crimen provoc\u00f3, al&nbsp;inicio&nbsp;del obradorismo, los hechos de Tlahuelilpan,&nbsp;Hidalgo,&nbsp;en donde cientos de personas cubeta en mano&nbsp;como si de una&nbsp;inofensiva fiesta se tratara, sacaban el di\u00e9sel de la laguna formada por una fuga. Con su vida pagaron su&nbsp;necedad&nbsp;casi 130&nbsp;personas&nbsp;mientras el gobierno&nbsp;distra\u00eda a sus creyentes con una narrativa falsa&nbsp;de combate frontal a este delito al grado de afirmar que&nbsp;ya no hab\u00eda huachicol en M\u00e9xico.<\/p>\n\n\n\n<p>La toma clandestina no fue encontrada debido al celo profesional de una fiscal\u00eda&nbsp;extraviada en sus carencias y corrupci\u00f3n. No, fue a trav\u00e9s de una supuesta denuncia an\u00f3nima de alguien que, probablemente, fue excluido de los beneficios del negocio&nbsp;en donde los compradores frecuentes son taxistas, moto taxistas y transportistas en general, casi siempre&nbsp;asociados a los sindicatos mafiosos.<\/p>\n\n\n\n<p>No hay ductos de combustibles y gas en los valles centrales y&nbsp;pens\u00e1bamos&nbsp;que el huachicol era un delito lejano.&nbsp;Est\u00e1bamos equivocados&nbsp;y, seguramente, debido a la aceptaci\u00f3n social que tiene ahora la criminalidad entre la gente,&nbsp;no tardar\u00e1n en ver como benefactores a los&nbsp;delincuentes que, con tal de construir una base social de apoyo, podr\u00edan hasta regalar el combustible robado en alg\u00fan momento&nbsp;para tener un escudo humano en caso de que la autoridad decida realizar su trabajo.&nbsp;La zona del Tule y comunidades cercanas seguramente&nbsp;empezar\u00e1n a vivir en un creciente clima de&nbsp;violencia.<\/p>\n\n\n\n<p>La polarizaci\u00f3n provocada por el gobierno ha sido un excelente caldo de cultivo tanto para la criminalidad como para la normalizaci\u00f3n de \u00e9sta. Las consecuencias no solo est\u00e1n en las abultadas estad\u00edsticas&nbsp;de&nbsp;muertos y desaparecidos,&nbsp;sino que su impacto llega a afectar a todas las actividades de una comunidad&nbsp;que, en alg\u00fan momento, dejar\u00e1 de percibir al crimen como algo excepcional y lo convertir\u00e1&nbsp;en algo com\u00fan y manejable.La normalizaci\u00f3n de la&nbsp;aceptaci\u00f3n de la narrativa criminal, como lo leemos en redes o escuchamos en los narco corridos,&nbsp;altera la percepci\u00f3n de la realidad. As\u00ed como para los gringos son frecuentes las matanzas en las escuelas, para nosotros lo son las masacres del crimen.&nbsp;Esta normalizaci\u00f3n&nbsp;vuelve a la violencia algo cotidiano&nbsp;y le resta&nbsp;importancia.<\/p>\n\n\n\n<p>Oaxaca es un caso especial en la normalizaci\u00f3n de la violencia y en ello ha tenido participaci\u00f3n la Secci\u00f3n 22.&nbsp;Miembros de ella ten\u00edan su propia banda de secuestradores. Los ni\u00f1os&nbsp;Candiani&nbsp;fueron sus v\u00edctimas.&nbsp;La banda fue detenida, pero el obradorismo los liber\u00f3.&nbsp;Desde la escuela se&nbsp;normaliza el crimen y los efectos los empezamos a padecer.&nbsp;<\/p>\n\n\n\n<p><a href=\"mailto:nestoryuri@yahoo.com\">nestoryuri@yahoo.com<\/a><\/p>\n","protected":false},"excerpt":{"rendered":"<p>N\u00e9stor Y. S\u00e1nchez Islas Tanto el propio gobierno estatal como los medios dieron la noticia.&hellip;<\/p>\n","protected":false},"author":2,"featured_media":67897,"comment_status":"closed","ping_status":"open","sticky":false,"template":"","format":"standard","meta":{"_lmt_disableupdate":"","_lmt_disable":"","_jetpack_memberships_contains_paid_content":false,"footnotes":""},"categories":[456,109],"tags":[3050],"class_list":["post-79858","post","type-post","status-publish","format-standard","has-post-thumbnail","hentry","category-columna","category-minuto-a-minuto","tag-nestor-yuri-sanchez"],"jetpack_featured_media_url":"https:\/\/zonaroja.com.mx\/wp-content\/uploads\/2024\/05\/Opinion-Nestor-Yuri-Sanchez.jpeg","jetpack_sharing_enabled":true,"_links":{"self":[{"href":"https:\/\/zonaroja.com.mx\/index.php?rest_route=\/wp\/v2\/posts\/79858","targetHints":{"allow":["GET"]}}],"collection":[{"href":"https:\/\/zonaroja.com.mx\/index.php?rest_route=\/wp\/v2\/posts"}],"about":[{"href":"https:\/\/zonaroja.com.mx\/index.php?rest_route=\/wp\/v2\/types\/post"}],"author":[{"embeddable":true,"href":"https:\/\/zonaroja.com.mx\/index.php?rest_route=\/wp\/v2\/users\/2"}],"replies":[{"embeddable":true,"href":"https:\/\/zonaroja.com.mx\/index.php?rest_route=%2Fwp%2Fv2%2Fcomments&post=79858"}],"version-history":[{"count":1,"href":"https:\/\/zonaroja.com.mx\/index.php?rest_route=\/wp\/v2\/posts\/79858\/revisions"}],"predecessor-version":[{"id":79859,"href":"https:\/\/zonaroja.com.mx\/index.php?rest_route=\/wp\/v2\/posts\/79858\/revisions\/79859"}],"wp:featuredmedia":[{"embeddable":true,"href":"https:\/\/zonaroja.com.mx\/index.php?rest_route=\/wp\/v2\/media\/67897"}],"wp:attachment":[{"href":"https:\/\/zonaroja.com.mx\/index.php?rest_route=%2Fwp%2Fv2%2Fmedia&parent=79858"}],"wp:term":[{"taxonomy":"category","embeddable":true,"href":"https:\/\/zonaroja.com.mx\/index.php?rest_route=%2Fwp%2Fv2%2Fcategories&post=79858"},{"taxonomy":"post_tag","embeddable":true,"href":"https:\/\/zonaroja.com.mx\/index.php?rest_route=%2Fwp%2Fv2%2Ftags&post=79858"}],"curies":[{"name":"wp","href":"https:\/\/api.w.org\/{rel}","templated":true}]}}