{"id":79860,"date":"2025-04-30T10:55:00","date_gmt":"2025-04-30T16:55:00","guid":{"rendered":"https:\/\/zonaroja.com.mx\/?p=79860"},"modified":"2025-04-30T07:57:51","modified_gmt":"2025-04-30T13:57:51","slug":"ley-de-telecomunicaciones-tutela-derechos-indigenas-senador","status":"publish","type":"post","link":"https:\/\/zonaroja.com.mx\/?p=79860","title":{"rendered":"Ley de Telecomunicaciones tutela derechos indigenas: senador"},"content":{"rendered":"\n<p>Redacci\u00f3n\/Zona Roja.<\/p>\n\n\n\n<p>Oaxaca de Ju\u00e1rez, Oax., a 30 de abril de 2025.- La iniciativa de Ley de Telecomunicaciones y Radiodifusi\u00f3n tutela el derecho de los pueblos ind\u00edgenas y afromexicanos a contar con frecuencias para difundir sus lenguas y costumbres, al prever la asignaci\u00f3n directa de concesiones hasta por 15 a\u00f1os, sin pago de una contraprestaci\u00f3n, as\u00ed como nuevos mecanismos de financiamiento para evitar su desaparici\u00f3n.<\/p>\n\n\n\n<p>En ese sentido, el senador Antonino Morales Toledo, celebr\u00f3 que esta iniciativa defienda derechos de las audiencias y m\u00e1s cuando se trata de pueblos y comunidades, marginados por hablar otras lenguas y tener sus propios usos y costumbres.<\/p>\n\n\n\n<p>El presidente de la Comisi\u00f3n Especial de Seguimiento e Impulso al Corredor Interoce\u00e1nico del Istmo de Tehuantepec (CIIT) record\u00f3 que la reciente reforma constitucional al art\u00edculo 2\u00ba de la Constituci\u00f3n determina que se debe garantizar y extender la red de comunicaciones que permita la articulaci\u00f3n de los pueblos y comunidades ind\u00edgenas.<\/p>\n\n\n\n<p>\u201cDesde la Constituci\u00f3n se establece que se deben garantizar las condiciones para que los pueblos y comunidades ind\u00edgenas puedan adquirir, operar, promover, desarrollar y administrar sus medios de comunicaci\u00f3n, telecomunicaciones y nuevas tecnolog\u00edas de la informaci\u00f3n, garantizando espacios \u00f3ptimos del espectro radioel\u00e9ctrico y de las redes e infraestructura, haciendo uso de sus lenguas y otros elementos culturales\u201d, dijo Nino Morales.<\/p>\n\n\n\n<p>Por ello, agreg\u00f3, es importante que la iniciativa enviada por la presidenta Claudia Sheinbaum contenga en su Secci\u00f3n V \u201cDe las Concesiones sobre el Espectro Radioel\u00e9ctrico para uso P\u00fablico y uso Social para prestar el Servicio de Radiodifusi\u00f3n\u201d, las disposiciones que garantizan la existencia de radios comunitarias e ind\u00edgenas y pueblos afromexicanos.<\/p>\n\n\n\n<p>Adem\u00e1s de los mecanismos actuales de financiamiento de las concesiones para radios ind\u00edgenas y afromexicanas, en el art\u00edculo 46 en materia de \u201cconcesionarios de uso social\u201d, se a\u00f1aden dos y se establece que no tendr\u00e1n fines de lucro.<\/p>\n\n\n\n<p>Podr\u00e1n recibir patrocinios, conforme lo determine la Agencia y sin que \u00e9stos puedan inducir la comercializaci\u00f3n o venta de ning\u00fan producto o servicio.<\/p>\n\n\n\n<p>Tambi\u00e9n podr\u00e1n generar emisi\u00f3n de mensajes comerciales y venta de publicidad de productos, bienes o servicios locales u originarios de las localidades, definidas en el t\u00edtulo de concesi\u00f3n, hasta por 40 segundos del total de sus transmisiones por cada hora del d\u00eda.<\/p>\n\n\n\n<p>La Agencia Digital de Innovaci\u00f3n P\u00fablica establecer\u00e1 mecanismos de colaboraci\u00f3n con el Instituto Nacional de los Pueblos Ind\u00edgenas u otras organizaciones para promover el otorgamiento de concesiones ind\u00edgenas y afromexicanas.<\/p>\n\n\n\n<p>Adem\u00e1s, deber\u00e1 facilitar el otorgamiento de concesiones a pueblos y comunidades ind\u00edgenas y afromexicanas en donde tengan presencia y para que transmitan en sus lenguas originarias, en especial, en aquellos lugares donde no existan concesiones.<\/p>\n\n\n\n<p>De igual forma, la ley dice que se deben promover que las concesiones de uso social ind\u00edgenas y afromexicanas coadyuven a preservar y enriquecer sus lenguas, conocimientos y todos los elementos que constituyan su cultura e identidad.<\/p>\n","protected":false},"excerpt":{"rendered":"<p>Redacci\u00f3n\/Zona Roja. Oaxaca de Ju\u00e1rez, Oax., a 30 de abril de 2025.- La iniciativa de&hellip;<\/p>\n","protected":false},"author":2,"featured_media":79190,"comment_status":"closed","ping_status":"open","sticky":false,"template":"","format":"standard","meta":{"_lmt_disableupdate":"","_lmt_disable":"","_jetpack_memberships_contains_paid_content":false,"footnotes":""},"categories":[109,46],"tags":[180],"class_list":["post-79860","post","type-post","status-publish","format-standard","has-post-thumbnail","hentry","category-minuto-a-minuto","category-zona-blanca","tag-antonino-morales-toledo"],"jetpack_featured_media_url":"https:\/\/zonaroja.com.mx\/wp-content\/uploads\/2025\/04\/Antonino-Morales.jpg","jetpack_sharing_enabled":true,"_links":{"self":[{"href":"https:\/\/zonaroja.com.mx\/index.php?rest_route=\/wp\/v2\/posts\/79860","targetHints":{"allow":["GET"]}}],"collection":[{"href":"https:\/\/zonaroja.com.mx\/index.php?rest_route=\/wp\/v2\/posts"}],"about":[{"href":"https:\/\/zonaroja.com.mx\/index.php?rest_route=\/wp\/v2\/types\/post"}],"author":[{"embeddable":true,"href":"https:\/\/zonaroja.com.mx\/index.php?rest_route=\/wp\/v2\/users\/2"}],"replies":[{"embeddable":true,"href":"https:\/\/zonaroja.com.mx\/index.php?rest_route=%2Fwp%2Fv2%2Fcomments&post=79860"}],"version-history":[{"count":1,"href":"https:\/\/zonaroja.com.mx\/index.php?rest_route=\/wp\/v2\/posts\/79860\/revisions"}],"predecessor-version":[{"id":79861,"href":"https:\/\/zonaroja.com.mx\/index.php?rest_route=\/wp\/v2\/posts\/79860\/revisions\/79861"}],"wp:featuredmedia":[{"embeddable":true,"href":"https:\/\/zonaroja.com.mx\/index.php?rest_route=\/wp\/v2\/media\/79190"}],"wp:attachment":[{"href":"https:\/\/zonaroja.com.mx\/index.php?rest_route=%2Fwp%2Fv2%2Fmedia&parent=79860"}],"wp:term":[{"taxonomy":"category","embeddable":true,"href":"https:\/\/zonaroja.com.mx\/index.php?rest_route=%2Fwp%2Fv2%2Fcategories&post=79860"},{"taxonomy":"post_tag","embeddable":true,"href":"https:\/\/zonaroja.com.mx\/index.php?rest_route=%2Fwp%2Fv2%2Ftags&post=79860"}],"curies":[{"name":"wp","href":"https:\/\/api.w.org\/{rel}","templated":true}]}}