{"id":79863,"date":"2025-04-30T19:14:16","date_gmt":"2025-05-01T01:14:16","guid":{"rendered":"https:\/\/zonaroja.com.mx\/?p=79863"},"modified":"2025-04-30T19:14:18","modified_gmt":"2025-05-01T01:14:18","slug":"usan-los-colores-de-morena-para-difundir-eleccion-judicial","status":"publish","type":"post","link":"https:\/\/zonaroja.com.mx\/?p=79863","title":{"rendered":"Usan los colores de Morena para difundir elecci\u00f3n judicial"},"content":{"rendered":"\n<p>Redacci\u00f3n\/Zona Roja Cdmx.<\/p>\n\n\n\n<p>Ciudad de M\u00e9xico, a 30 de abril de 2025.- En al menos 11 entidades del pa\u00eds, pintas de bardas, lonas y pendones utilizan los colores de Movimiento Regeneraci\u00f3n Nacional (Morena) para promover la elecci\u00f3n del pr\u00f3ximo 1 de junio, sin que se apoye a un candidato en espec\u00edfico.<\/p>\n\n\n\n<p>Las entidades donde se ha detectado propaganda a favor de la elecci\u00f3n del Poder Judicial con los colores guinda, negro y blanco son Ciudad de M\u00e9xico, Yucat\u00e1n, Tlaxcala, Guanajuato, San Luis Potos\u00ed, Veracruz, Sinaloa, Colima, Tlaxcala, Coahuila e Hidalgo.<\/p>\n\n\n\n<p>Por ejemplo, en algunas regiones de Veracruz ya hay bardas pintadas y lonas pegadas en las calles para visibilizar el tema sin poner nombres de candidatos. Aunque se hab\u00eda mencionado que esta era una elecci\u00f3n apartidista, en esta propaganda aparecen los colores del partido Morena.<\/p>\n\n\n\n<p>Uno de los que ya sali\u00f3 a promover abiertamente la elecci\u00f3n fue el senador Manuel Huerta Ladr\u00f3n de Guevara, quien acus\u00f3 que \u201chay sectores que buscan desvirtuarla\u201d. Con un cartel en donde aparecen los colores de las boletas, en las que cada color representa el cargo a elegir, Huerta asegur\u00f3 que no es propaganda, pero que la poblaci\u00f3n debe estar m\u00e1s informada sobre qui\u00e9nes participar\u00e1n en esta elecci\u00f3n.<\/p>\n\n\n\n<p>Huerta ha se\u00f1alado que \u201cquienes no est\u00e1n de acuerdo han intentado boicotear la elecci\u00f3n, por eso vengo a Veracruz para decirle a la gente que va en buen puerto el proceso de la elecci\u00f3n y que la gente tiene que enterarse de qui\u00e9nes son los prospectos\u201d.<\/p>\n\n\n\n<p>El PAN veracruzano asegur\u00f3 que la elecci\u00f3n judicial es una \u201ctomadura de pelo, un enga\u00f1o que se le hace a la sociedad\u201d.<\/p>\n\n\n\n<p>Federico Salom\u00f3n Molina, dirigente panista, explic\u00f3 que desde que fue propuesta la reforma al Poder Judicial han observado \u201cenga\u00f1os\u201d y consideran que si se dio esta reforma fue porque en algunos casos hubo sentencias y amparos que al gobierno federal no le parecieron y que por eso se da este cambio que, consideran, beneficiar\u00e1 a sus adeptos.<\/p>\n\n\n\n<p>En Morelos, se promociona la elecci\u00f3n judicial federal con mantas, bardas y hasta volantes, sin que se tenga claro el origen de los recursos para llevar a cabo estas acciones.<\/p>\n\n\n\n<p>Con los colores del partido Morena, decenas de bardas en diferentes municipios del estado de Guanajuato han sido pintadas para invitar a votar en la elecci\u00f3n de jueces del Poder Judicial que se realizar\u00e1 el pr\u00f3ximo 1 de junio.<\/p>\n\n\n\n<p>Las pintas no solamente se han realizado en ciudades, sino tambi\u00e9n sobre bardas e inmuebles a lo largo de la carretera que une a Le\u00f3n con Irapuato, por dar un ejemplo.<\/p>\n\n\n\n<p>\u201cVota 1\u00b0 Junio por las y los candidatos ministros, magistrados y jueces del Nuevo Poder Judicial\u201d, rezan las leyendas en las bardas entre letras negras y guindas.<\/p>\n\n\n\n<p>El partido Morena no ha logrado contestar si las pintas han sido realizadas por su mandato, y algunos de los candidatos consultados desconocen qui\u00e9n mand\u00f3 pintar la convocatoria.<\/p>\n\n\n\n<p>En algunos puntos de Culiac\u00e1n fueron colocadas algunas mantas y se pintaron bardas para incentivar a la ciudadan\u00eda a votar por ministros, magistrados y jueces del Poder Judicial, utilizando los colores de Morena.<\/p>\n\n\n\n<p>Se encuentran en cercas y bardas de escuelas, parques y en algunas viviendas particulares, sin acreditar a nadie dicha campa\u00f1a que hace referencia a un nuevo Poder Judicial.<\/p>\n\n\n\n<p>EL PERMISO<\/p>\n\n\n\n<p>El pasado 9 de abril, por tres votos a favor y dos en contra, el Tribunal Electoral del Poder Judicial de la Federaci\u00f3n revoc\u00f3 la prohibici\u00f3n del INE para que funcionarios p\u00fablicos de todos los poderes y niveles de gobierno difundan mensajes sobre la elecci\u00f3n judicial.<\/p>\n\n\n\n<p>Sin embargo, en ninguna parte de la sentencia se abri\u00f3 esta posibilidad a los partidos pol\u00edticos, quienes, expresamente est\u00e1n impedidos en la ley, de opinar, promocionar o hablar a favor o en contra, de la elecci\u00f3n judicial.<\/p>\n\n\n\n<p>En la sentencia se especifica que los funcionarios p\u00fablicos y los tres poderes no pueden utilizar recursos p\u00fablicos para hacer promoci\u00f3n de la elecci\u00f3n.<\/p>\n\n\n\n<p>Las tres magistraturas que votaron a favor de permitir la difusi\u00f3n a los poderes, dijeron que las y los funcionarios pueden hacer campa\u00f1as de difusi\u00f3n, en todo momento, igual en los eventos de la presidenta Claudia Sheinbaum, pero fueron ambiguos sobre las ma\u00f1aneras, que utiliza recursos p\u00fablicos, pues mencionaron que tendr\u00e1n que revisar caso por caso.<\/p>\n\n\n\n<p>(Informaci\u00f3n de \u201cExc\u00e9lsior\u201d)<\/p>\n","protected":false},"excerpt":{"rendered":"<p>Redacci\u00f3n\/Zona Roja Cdmx. Ciudad de M\u00e9xico, a 30 de abril de 2025.- En al menos&hellip;<\/p>\n","protected":false},"author":2,"featured_media":79864,"comment_status":"closed","ping_status":"open","sticky":false,"template":"","format":"standard","meta":{"_lmt_disableupdate":"","_lmt_disable":"","_jetpack_memberships_contains_paid_content":false,"footnotes":""},"categories":[109,47],"tags":[4291],"class_list":["post-79863","post","type-post","status-publish","format-standard","has-post-thumbnail","hentry","category-minuto-a-minuto","category-zona-gris","tag-eleccion-judicial-mexico"],"jetpack_featured_media_url":"https:\/\/zonaroja.com.mx\/wp-content\/uploads\/2025\/04\/Eleccion-judicial-Morena.jpg","jetpack_sharing_enabled":true,"_links":{"self":[{"href":"https:\/\/zonaroja.com.mx\/index.php?rest_route=\/wp\/v2\/posts\/79863","targetHints":{"allow":["GET"]}}],"collection":[{"href":"https:\/\/zonaroja.com.mx\/index.php?rest_route=\/wp\/v2\/posts"}],"about":[{"href":"https:\/\/zonaroja.com.mx\/index.php?rest_route=\/wp\/v2\/types\/post"}],"author":[{"embeddable":true,"href":"https:\/\/zonaroja.com.mx\/index.php?rest_route=\/wp\/v2\/users\/2"}],"replies":[{"embeddable":true,"href":"https:\/\/zonaroja.com.mx\/index.php?rest_route=%2Fwp%2Fv2%2Fcomments&post=79863"}],"version-history":[{"count":1,"href":"https:\/\/zonaroja.com.mx\/index.php?rest_route=\/wp\/v2\/posts\/79863\/revisions"}],"predecessor-version":[{"id":79865,"href":"https:\/\/zonaroja.com.mx\/index.php?rest_route=\/wp\/v2\/posts\/79863\/revisions\/79865"}],"wp:featuredmedia":[{"embeddable":true,"href":"https:\/\/zonaroja.com.mx\/index.php?rest_route=\/wp\/v2\/media\/79864"}],"wp:attachment":[{"href":"https:\/\/zonaroja.com.mx\/index.php?rest_route=%2Fwp%2Fv2%2Fmedia&parent=79863"}],"wp:term":[{"taxonomy":"category","embeddable":true,"href":"https:\/\/zonaroja.com.mx\/index.php?rest_route=%2Fwp%2Fv2%2Fcategories&post=79863"},{"taxonomy":"post_tag","embeddable":true,"href":"https:\/\/zonaroja.com.mx\/index.php?rest_route=%2Fwp%2Fv2%2Ftags&post=79863"}],"curies":[{"name":"wp","href":"https:\/\/api.w.org\/{rel}","templated":true}]}}