{"id":79870,"date":"2025-04-30T21:47:45","date_gmt":"2025-05-01T03:47:45","guid":{"rendered":"https:\/\/zonaroja.com.mx\/?p=79870"},"modified":"2025-04-30T21:47:46","modified_gmt":"2025-05-01T03:47:46","slug":"sepultan-a-sandra-garantiza-fiscal-que-habra-justicia","status":"publish","type":"post","link":"https:\/\/zonaroja.com.mx\/?p=79870","title":{"rendered":"Sepultan a Sandra; garantiza fiscal que habr\u00e1 justicia"},"content":{"rendered":"\n<p>Ismael Garc\u00eda M.\/Zona Roja.<\/p>\n\n\n\n<p>Oaxaca de Ju\u00e1rez, Oax., a 30 de abril de 2025.- En tanto que las exigencias de justicia continuaron en el homenaje y el sepelio de Sandra Dom\u00ednguez, el fiscal de Oaxaca, Bernardo Rodr\u00edguez Alamilla, asegur\u00f3 que las investigaciones continuan y que no habr\u00e1 impunidad.<\/p>\n\n\n\n<p>\u201cEl proceso sigue. El tema de localizar los cuerpos (de Sandra y su pareja Alexander Hern\u00e1ndez era parte de la situaci\u00f3n; afortunadamente se hizo\u201d, dijo en entrevista.<\/p>\n\n\n\n<p>Detall\u00f3 que hay dos personas detenidas por este caso, mientras que una tercera falleci\u00f3 durante un enfrentamiento, al momento de ejecutar la orden de aprehensi\u00f3n.<\/p>\n\n\n\n<p>\u201cTodav\u00eda est\u00e1n pendientes de ejecutar \u00f3rdenes de aprehensi\u00f3n; las investigaciones continuan, sobre todo la detenci\u00f3n de los responsables, esa parte la tenemos bastante trabajada y vamos a seguir en esa din\u00e1mica\u201d, dijo.<\/p>\n\n\n\n<p>El titular de la Fiscal\u00eda General del Estado de Oaxaca reiter\u00f3 que los trabajos que realizan son objetivos, profesionales, t\u00e9cnicos, cient\u00edficos, sobre la cual basan su labor.<\/p>\n\n\n\n<p>\u201cRespetamos el proceso, las denuncias que en su momento se\u00f1alan los diferentes colectivos, pero nosotros nos tenemos que ce\u00f1ir a lo que la realidad nos se\u00f1ala\u201d.<\/p>\n\n\n\n<p>Reiter\u00f3 que es un trabajo conjunto con la Comisi\u00f3n Nacional de Investigaci\u00f3n, la Secretar\u00eda de Seguridad y Protecci\u00f3n Ciudadana del gobierno federal y los datos apuntan que el caso tiene que ver con una labor que desarrollaba Alexander Hern\u00e1ndez.<\/p>\n\n\n\n<p>Por otra parte, al mediod\u00eda de este mi\u00e9rcoles en una funeraria del centro de la ciudad de Oaxaca, diversos colectivos efectuaron un homenaje de cuerpo presente a Sandra Dom\u00ednguez.<\/p>\n\n\n\n<p>Ah\u00ed reiteraron su exigencia de justicia y que, seg\u00fan consideraron, el Estado tuvo que ver con la muerte de la joven activista.<\/p>\n\n\n\n<p>Tras ello, el f\u00e9retro parti\u00f3 en caravana hacia el pante\u00f3n de San Pedro Ixtlahuaca, donde se efectu\u00f3 el sepelio.\u00a0<\/p>\n\n\n\n<figure class=\"wp-block-embed is-type-rich is-provider-twitter wp-block-embed-twitter\"><div class=\"wp-block-embed__wrapper\">\n<div class=\"twitter-tweet\"><blockquote class=\"twitter-tweet\" data-lang=\"es\"><p lang=\"es\" dir=\"ltr\">Familiares, amigos e integrantes de organismos de la sociedad civil, rindieron este d\u00eda un homenaje a Sandra Dom\u00ednguez, previo al sepelio que se efectuar\u00e1 esta tarde en San Pedro Ixtlahuaca. <a href=\"https:\/\/t.co\/tpPbbW9Uxb\">pic.twitter.com\/tpPbbW9Uxb<\/a><\/p>&mdash; Zona Roja Oaxaca (@ZonaRoja_Oaxaca) <a href=\"https:\/\/twitter.com\/ZonaRoja_Oaxaca\/status\/1917670149567701013?ref_src=twsrc%5Etfw\">30 de abril de 2025<\/a><\/blockquote><\/div>\n<\/div><\/figure>\n","protected":false},"excerpt":{"rendered":"<p>Ismael Garc\u00eda M.\/Zona Roja. Oaxaca de Ju\u00e1rez, Oax., a 30 de abril de 2025.- En&hellip;<\/p>\n","protected":false},"author":2,"featured_media":79871,"comment_status":"closed","ping_status":"open","sticky":false,"template":"","format":"standard","meta":{"_lmt_disableupdate":"","_lmt_disable":"","_jetpack_memberships_contains_paid_content":false,"footnotes":""},"categories":[1],"tags":[],"class_list":["post-79870","post","type-post","status-publish","format-standard","has-post-thumbnail","hentry","category-sin-categoria"],"jetpack_featured_media_url":"https:\/\/zonaroja.com.mx\/wp-content\/uploads\/2025\/04\/Fiscal-Bernardo-Rodriguez-Alamilla.jpg","jetpack_sharing_enabled":true,"_links":{"self":[{"href":"https:\/\/zonaroja.com.mx\/index.php?rest_route=\/wp\/v2\/posts\/79870","targetHints":{"allow":["GET"]}}],"collection":[{"href":"https:\/\/zonaroja.com.mx\/index.php?rest_route=\/wp\/v2\/posts"}],"about":[{"href":"https:\/\/zonaroja.com.mx\/index.php?rest_route=\/wp\/v2\/types\/post"}],"author":[{"embeddable":true,"href":"https:\/\/zonaroja.com.mx\/index.php?rest_route=\/wp\/v2\/users\/2"}],"replies":[{"embeddable":true,"href":"https:\/\/zonaroja.com.mx\/index.php?rest_route=%2Fwp%2Fv2%2Fcomments&post=79870"}],"version-history":[{"count":1,"href":"https:\/\/zonaroja.com.mx\/index.php?rest_route=\/wp\/v2\/posts\/79870\/revisions"}],"predecessor-version":[{"id":79872,"href":"https:\/\/zonaroja.com.mx\/index.php?rest_route=\/wp\/v2\/posts\/79870\/revisions\/79872"}],"wp:featuredmedia":[{"embeddable":true,"href":"https:\/\/zonaroja.com.mx\/index.php?rest_route=\/wp\/v2\/media\/79871"}],"wp:attachment":[{"href":"https:\/\/zonaroja.com.mx\/index.php?rest_route=%2Fwp%2Fv2%2Fmedia&parent=79870"}],"wp:term":[{"taxonomy":"category","embeddable":true,"href":"https:\/\/zonaroja.com.mx\/index.php?rest_route=%2Fwp%2Fv2%2Fcategories&post=79870"},{"taxonomy":"post_tag","embeddable":true,"href":"https:\/\/zonaroja.com.mx\/index.php?rest_route=%2Fwp%2Fv2%2Ftags&post=79870"}],"curies":[{"name":"wp","href":"https:\/\/api.w.org\/{rel}","templated":true}]}}