{"id":79885,"date":"2025-05-01T10:30:00","date_gmt":"2025-05-01T16:30:00","guid":{"rendered":"https:\/\/zonaroja.com.mx\/?p=79885"},"modified":"2025-05-01T06:52:45","modified_gmt":"2025-05-01T12:52:45","slug":"ocho-de-cada-10-mujeres-se-sienten-inseguras-en-la-ciudad-de-oaxaca-inegi","status":"publish","type":"post","link":"https:\/\/zonaroja.com.mx\/?p=79885","title":{"rendered":"Ocho de cada 10 mujeres se sienten inseguras en la ciudad de Oaxaca: Inegi"},"content":{"rendered":"\n<p>Redacci\u00f3n\/Estado 20.<\/p>\n\n\n\n<p>Oaxaca de Ju\u00e1rez, Oax., a 1 de mayo de 2025.- La percepci\u00f3n de inseguridad en las mujeres mayores de 18 a\u00f1os que viven en la ciudad de Oaxaca registr\u00f3 un aumento en el primer trimestre de 2025, en comparaci\u00f3n con el \u00faltimo trimestre de 2024, seg\u00fan la Encuesta Nacional de Seguridad P\u00fablica Urbana (ENSU) del Inegi.<\/p>\n\n\n\n<p>En diciembre de 2024, el 72.6 por ciento de las mujeres que viven en la capital del estado afirmaron sentirse inseguras; este porcentaje aument\u00f3 a 76.1 por ciento.<\/p>\n\n\n\n<p>La ENSU tambi\u00e9n muestra que el 80.6% de la poblaci\u00f3n de la ciudad de Oaxaca de Ju\u00e1rez consider\u00f3 inseguro acudir al cajero autom\u00e1tico localizado en la v\u00eda p\u00fablica; el 67.4% en el mercado, 64.1% en el transporte p\u00fablico, y el 63.9% en el banco.<\/p>\n\n\n\n<p>De acuerdo con el INEGI, las principales conductas delictivas o antisociales en los alrededores de la vivienda en la capital oaxaque\u00f1a son el consumo de alcohol en las calles con el 72.3%, robos o asaltos con 62.3%, vandalismo 44.8%, disparos frecuentes con armas 37.6%, venta o consumo de drogas 34% y bandas violentas o pandillerismo con 33.7 por ciento.<\/p>\n\n\n\n<p>El 66.3% por ciento de los habitantes de Oaxaca de Ju\u00e1rez se entera de las noticias a trav\u00e9s de Facebook, el 56% por el entorno en la familia, el 55.2% viendo noticieros en televisi\u00f3n, el 37.7% por WhatsApp y el 28.2% escuchando noticieros de radio.<\/p>\n","protected":false},"excerpt":{"rendered":"<p>Redacci\u00f3n\/Estado 20. Oaxaca de Ju\u00e1rez, Oax., a 1 de mayo de 2025.- La percepci\u00f3n de&hellip;<\/p>\n","protected":false},"author":2,"featured_media":73545,"comment_status":"closed","ping_status":"open","sticky":false,"template":"","format":"standard","meta":{"_lmt_disableupdate":"","_lmt_disable":"","_jetpack_memberships_contains_paid_content":false,"footnotes":""},"categories":[109,47],"tags":[148],"class_list":["post-79885","post","type-post","status-publish","format-standard","has-post-thumbnail","hentry","category-minuto-a-minuto","category-zona-gris","tag-oaxaca-de-juarez"],"jetpack_featured_media_url":"https:\/\/zonaroja.com.mx\/wp-content\/uploads\/2024\/10\/Violencia-mujeres-feminicidio.jpg","jetpack_sharing_enabled":true,"_links":{"self":[{"href":"https:\/\/zonaroja.com.mx\/index.php?rest_route=\/wp\/v2\/posts\/79885","targetHints":{"allow":["GET"]}}],"collection":[{"href":"https:\/\/zonaroja.com.mx\/index.php?rest_route=\/wp\/v2\/posts"}],"about":[{"href":"https:\/\/zonaroja.com.mx\/index.php?rest_route=\/wp\/v2\/types\/post"}],"author":[{"embeddable":true,"href":"https:\/\/zonaroja.com.mx\/index.php?rest_route=\/wp\/v2\/users\/2"}],"replies":[{"embeddable":true,"href":"https:\/\/zonaroja.com.mx\/index.php?rest_route=%2Fwp%2Fv2%2Fcomments&post=79885"}],"version-history":[{"count":1,"href":"https:\/\/zonaroja.com.mx\/index.php?rest_route=\/wp\/v2\/posts\/79885\/revisions"}],"predecessor-version":[{"id":79886,"href":"https:\/\/zonaroja.com.mx\/index.php?rest_route=\/wp\/v2\/posts\/79885\/revisions\/79886"}],"wp:featuredmedia":[{"embeddable":true,"href":"https:\/\/zonaroja.com.mx\/index.php?rest_route=\/wp\/v2\/media\/73545"}],"wp:attachment":[{"href":"https:\/\/zonaroja.com.mx\/index.php?rest_route=%2Fwp%2Fv2%2Fmedia&parent=79885"}],"wp:term":[{"taxonomy":"category","embeddable":true,"href":"https:\/\/zonaroja.com.mx\/index.php?rest_route=%2Fwp%2Fv2%2Fcategories&post=79885"},{"taxonomy":"post_tag","embeddable":true,"href":"https:\/\/zonaroja.com.mx\/index.php?rest_route=%2Fwp%2Fv2%2Ftags&post=79885"}],"curies":[{"name":"wp","href":"https:\/\/api.w.org\/{rel}","templated":true}]}}