{"id":79888,"date":"2025-05-01T11:15:00","date_gmt":"2025-05-01T17:15:00","guid":{"rendered":"https:\/\/zonaroja.com.mx\/?p=79888"},"modified":"2025-05-01T08:54:01","modified_gmt":"2025-05-01T14:54:01","slug":"dan-132-anos-de-prision-a-dos-sujetos-por-feminicidio-ocurrido-en-tuxtepec","status":"publish","type":"post","link":"https:\/\/zonaroja.com.mx\/?p=79888","title":{"rendered":"Dan 132 a\u00f1os de prisi\u00f3n a dos sujetos por feminicidio ocurrido en Tuxtepec"},"content":{"rendered":"\n<p>Redacci\u00f3n\/Zona Roja.<\/p>\n\n\n\n<p>Oaxaca de Ju\u00e1rez, Oax., a 30 de abril de 2025.- La Fiscal\u00eda General del Estado de Oaxaca (FGEO) obtuvo dos sentencias condenatorias que suman 132 a\u00f1os de prisi\u00f3n contra dos personas del sexo masculino identificados como Jos\u00e9 R.H. y Alberto C.M., por su responsabilidad en el delito de feminicidio agravado, mismos que eran considerados objetivos prioritarios por su participaci\u00f3n en actividades delictivas en la regi\u00f3n de la Cuenca del Papaloapan.<\/p>\n\n\n\n<p>De acuerdo con la causa penal del caso, el crimen ocurri\u00f3 el 1 de julio de 2021, cuando la v\u00edctima identificada como I.G.P.E., se encontraba en su domicilio ubicado en el fraccionamiento Casas Geo del municipio de San Juan Bautista Tuxtepec, sitio al que llegaron los agresores y la atacaron con un objeto punzocortante, infligiendo lesiones que la privaron de la vida.<\/p>\n\n\n\n<p>La investigaci\u00f3n revela que, los agresores junto con otras personas vigilaban a la v\u00edctima en su domicilio y ten\u00edan instrucciones precisas de privar de la libertad y de la vida a I.G.P.E.<\/p>\n\n\n\n<p>La v\u00edctima enfrentaba problemas con su pareja por la guarda y custodia de su peque\u00f1o hijo, pues previo a los d\u00edas de su muerte, hab\u00eda logrado recuperar legalmente al menor.<\/p>\n\n\n\n<p>El expediente detalla que, los hoy sentenciados pertenec\u00edan a una banda delictiva que operaban en esa regi\u00f3n de la Cuenca, los cuales fueron detenidos en un operativo cuando intentaron abandonar el cuerpo de la v\u00edctima.<\/p>\n\n\n\n<p>Ante estos hechos, la FGEO inici\u00f3 una exhaustiva investigaci\u00f3n, a trav\u00e9s de la Vicefiscal\u00eda Regional de la Cuenca, logrando obtener s\u00f3lidas pruebas para presentar ante el Juzgado de control a los agresores.<\/p>\n\n\n\n<p>Derivado de las investigaciones encabezadas por la FGEO, el Tribunal de Enjuiciamiento tuvo los elementos suficientes para dictar sentencia condenatoria contra Jos\u00e9 R.H. y Alberto C.M., a quienes dict\u00f3 una pena de 66 a\u00f1os y ocho meses de prisi\u00f3n contra cada uno de ellos, por su responsabilidad en la comisi\u00f3n del delito de feminicidio agravado, adem\u00e1s de imponer el pago de una multa y del pago de reparaci\u00f3n del da\u00f1o en favor de la v\u00edctima indirecta.<\/p>\n\n\n\n<p>La Fiscal\u00eda General del Estado est\u00e1 comprometida con presentar ante la ley a quien o quienes resulten responsables, especialmente en los casos relacionados con delitos cometidos contra las mujeres; por ello, se implementan investigaciones integrales y con perspectiva de g\u00e9nero que garanticen a las v\u00edctimas un adecuado proceso de procuraci\u00f3n de justicia<\/p>\n\n\n\n<p>OPERATIVO EN PINOTEPA<\/p>\n\n\n\n<p>Por otra parte, la Fiscal\u00eda General dio cumplimiento a una orden de aprehensi\u00f3n en contra de una persona del sexo masculino identificado como M.G.S., por el delito&nbsp; contra la salud en su modalidad de narcomenudeo en su hip\u00f3tesis de posesi\u00f3n de metanfetamina y clorhidrato de coca\u00edna en agravio de la sociedad.<\/p>\n\n\n\n<p>Este despliegue operativo se efectu\u00f3 de manera interinstitucional por elementos de la Agencia Estatal de Investigaciones (AEI) de la Vicefiscal\u00eda Regional de la Costa junto con la Secretar\u00eda de la Defensa Nacional (DEFENSA), la Secretar\u00eda de Marina (SEMAR), la Polic\u00eda Estatal, la Polic\u00eda Vial Estatal y Polic\u00eda Municipal de Santiago Pinotepa Nacional.<\/p>\n\n\n\n<p>M.G.S. fue detenido cuando se encontraba en calles c\u00e9ntricas de Pinotepa Nacional, posteriormente fue presentado ante la autoridad ministerial que lo requiri\u00f3 para su debido proceso.<\/p>\n","protected":false},"excerpt":{"rendered":"<p>Redacci\u00f3n\/Zona Roja. Oaxaca de Ju\u00e1rez, Oax., a 30 de abril de 2025.- La Fiscal\u00eda General&hellip;<\/p>\n","protected":false},"author":2,"featured_media":79890,"comment_status":"closed","ping_status":"open","sticky":false,"template":"","format":"standard","meta":{"_lmt_disableupdate":"","_lmt_disable":"","_jetpack_memberships_contains_paid_content":false,"footnotes":""},"categories":[109,46],"tags":[494],"class_list":["post-79888","post","type-post","status-publish","format-standard","has-post-thumbnail","hentry","category-minuto-a-minuto","category-zona-blanca","tag-fiscalia-general-del-estado-de-oaxaca"],"jetpack_featured_media_url":"https:\/\/zonaroja.com.mx\/wp-content\/uploads\/2025\/05\/Feminicidas-Tuxtepec.jpg","jetpack_sharing_enabled":true,"_links":{"self":[{"href":"https:\/\/zonaroja.com.mx\/index.php?rest_route=\/wp\/v2\/posts\/79888","targetHints":{"allow":["GET"]}}],"collection":[{"href":"https:\/\/zonaroja.com.mx\/index.php?rest_route=\/wp\/v2\/posts"}],"about":[{"href":"https:\/\/zonaroja.com.mx\/index.php?rest_route=\/wp\/v2\/types\/post"}],"author":[{"embeddable":true,"href":"https:\/\/zonaroja.com.mx\/index.php?rest_route=\/wp\/v2\/users\/2"}],"replies":[{"embeddable":true,"href":"https:\/\/zonaroja.com.mx\/index.php?rest_route=%2Fwp%2Fv2%2Fcomments&post=79888"}],"version-history":[{"count":1,"href":"https:\/\/zonaroja.com.mx\/index.php?rest_route=\/wp\/v2\/posts\/79888\/revisions"}],"predecessor-version":[{"id":79891,"href":"https:\/\/zonaroja.com.mx\/index.php?rest_route=\/wp\/v2\/posts\/79888\/revisions\/79891"}],"wp:featuredmedia":[{"embeddable":true,"href":"https:\/\/zonaroja.com.mx\/index.php?rest_route=\/wp\/v2\/media\/79890"}],"wp:attachment":[{"href":"https:\/\/zonaroja.com.mx\/index.php?rest_route=%2Fwp%2Fv2%2Fmedia&parent=79888"}],"wp:term":[{"taxonomy":"category","embeddable":true,"href":"https:\/\/zonaroja.com.mx\/index.php?rest_route=%2Fwp%2Fv2%2Fcategories&post=79888"},{"taxonomy":"post_tag","embeddable":true,"href":"https:\/\/zonaroja.com.mx\/index.php?rest_route=%2Fwp%2Fv2%2Ftags&post=79888"}],"curies":[{"name":"wp","href":"https:\/\/api.w.org\/{rel}","templated":true}]}}