{"id":79897,"date":"2025-05-01T14:19:00","date_gmt":"2025-05-01T20:19:00","guid":{"rendered":"https:\/\/zonaroja.com.mx\/?p=79897"},"modified":"2025-05-01T15:43:57","modified_gmt":"2025-05-01T21:43:57","slug":"instala-xoxocotlan-el-consejo-de-desarrollo-social-municipal","status":"publish","type":"post","link":"https:\/\/zonaroja.com.mx\/?p=79897","title":{"rendered":"Instala Xoxocotl\u00e1n el Consejo de Desarrollo Social Municipal"},"content":{"rendered":"\n<p>Redacci\u00f3n\/Zona Roja.<\/p>\n\n\n\n<p>Oaxaca de Ju\u00e1rez, Oax., a 1 de mayo&nbsp;de 2025.- Con la participaci\u00f3n de autoridades municipales, auxiliares y representantes de agencias, colonias y barrios, el Ayuntamiento de Santa Cruz Xoxocotl\u00e1n llev\u00f3 a cabo la instalaci\u00f3n del Consejo de Desarrollo Social Municipal, como parte del fortalecimiento institucional y de participaci\u00f3n comunitaria en la toma de decisiones.<\/p>\n\n\n\n<p>La sesi\u00f3n fue presidida por la presidenta municipal Nancy Ben\u00edtez Z\u00e1rate, quien tambi\u00e9n encabez\u00f3 los trabajos para la priorizaci\u00f3n de obras en infraestructura social b\u00e1sica, en el marco de la planeaci\u00f3n participativa del desarrollo municipal.<\/p>\n\n\n\n<p>Durante su intervenci\u00f3n, Ben\u00edtez Z\u00e1rate inform\u00f3 que el municipio cuenta con 92 millones 583 mil 110 pesos provenientes del Fondo de Aportaciones para la Infraestructura Social Municipal y de las Demarcaciones Territoriales del Distrito Federal (FAISMUN), los cuales ser\u00e1n destinados a obras y acciones prioritarias.<\/p>\n\n\n\n<p>\u201cLa integraci\u00f3n de la Agenda 2030 en la planeaci\u00f3n municipal nos permite dise\u00f1ar y ejecutar proyectos que atiendan de forma m\u00e1s eficaz los problemas de pobreza, desigualdad, medio ambiente, paz y gobernabilidad que enfrentan nuestras comunidades\u201d, se\u00f1al\u00f3 la presidenta.<\/p>\n\n\n\n<p>Agreg\u00f3 que este ejercicio est\u00e1 alineado con el Plan Estatal de Desarrollo 2022-2028 y que el objetivo es lograr un desarrollo sostenible que integre las dimensiones ambiental, social y econ\u00f3mica en beneficio de la poblaci\u00f3n de Santa Cruz Xoxocotl\u00e1n.<\/p>\n","protected":false},"excerpt":{"rendered":"<p>Redacci\u00f3n\/Zona Roja. Oaxaca de Ju\u00e1rez, Oax., a 1 de mayo&nbsp;de 2025.- Con la participaci\u00f3n de&hellip;<\/p>\n","protected":false},"author":2,"featured_media":79902,"comment_status":"closed","ping_status":"open","sticky":false,"template":"","format":"standard","meta":{"_lmt_disableupdate":"","_lmt_disable":"","_jetpack_memberships_contains_paid_content":false,"footnotes":""},"categories":[109,46],"tags":[133],"class_list":["post-79897","post","type-post","status-publish","format-standard","has-post-thumbnail","hentry","category-minuto-a-minuto","category-zona-blanca","tag-santa-cruz-xoxocotlan"],"jetpack_featured_media_url":"https:\/\/zonaroja.com.mx\/wp-content\/uploads\/2025\/05\/img_0061-1.jpg","jetpack_sharing_enabled":true,"_links":{"self":[{"href":"https:\/\/zonaroja.com.mx\/index.php?rest_route=\/wp\/v2\/posts\/79897","targetHints":{"allow":["GET"]}}],"collection":[{"href":"https:\/\/zonaroja.com.mx\/index.php?rest_route=\/wp\/v2\/posts"}],"about":[{"href":"https:\/\/zonaroja.com.mx\/index.php?rest_route=\/wp\/v2\/types\/post"}],"author":[{"embeddable":true,"href":"https:\/\/zonaroja.com.mx\/index.php?rest_route=\/wp\/v2\/users\/2"}],"replies":[{"embeddable":true,"href":"https:\/\/zonaroja.com.mx\/index.php?rest_route=%2Fwp%2Fv2%2Fcomments&post=79897"}],"version-history":[{"count":1,"href":"https:\/\/zonaroja.com.mx\/index.php?rest_route=\/wp\/v2\/posts\/79897\/revisions"}],"predecessor-version":[{"id":79899,"href":"https:\/\/zonaroja.com.mx\/index.php?rest_route=\/wp\/v2\/posts\/79897\/revisions\/79899"}],"wp:featuredmedia":[{"embeddable":true,"href":"https:\/\/zonaroja.com.mx\/index.php?rest_route=\/wp\/v2\/media\/79902"}],"wp:attachment":[{"href":"https:\/\/zonaroja.com.mx\/index.php?rest_route=%2Fwp%2Fv2%2Fmedia&parent=79897"}],"wp:term":[{"taxonomy":"category","embeddable":true,"href":"https:\/\/zonaroja.com.mx\/index.php?rest_route=%2Fwp%2Fv2%2Fcategories&post=79897"},{"taxonomy":"post_tag","embeddable":true,"href":"https:\/\/zonaroja.com.mx\/index.php?rest_route=%2Fwp%2Fv2%2Ftags&post=79897"}],"curies":[{"name":"wp","href":"https:\/\/api.w.org\/{rel}","templated":true}]}}