{"id":79900,"date":"2025-05-01T11:48:25","date_gmt":"2025-05-01T17:48:25","guid":{"rendered":"https:\/\/zonaroja.com.mx\/?p=79900"},"modified":"2025-05-01T11:48:25","modified_gmt":"2025-05-01T17:48:25","slug":"confirma-la-fiscalia-detencion-de-novio-de-hanna-ali-por-feminicidio","status":"publish","type":"post","link":"https:\/\/zonaroja.com.mx\/?p=79900","title":{"rendered":"Confirma la Fiscal\u00eda detenci\u00f3n de novio de Hanna Al\u00ed por feminicidio&nbsp;"},"content":{"rendered":"\n<p>Ismael Garc\u00eda M.\/Zona Roja.&nbsp;<\/p>\n\n\n\n<p>Oaxaca de Ju\u00e1rez, Oax., a 1 de mayo de 2025.- La Fiscal\u00eda General del Estado de Oaxaca confirm\u00f3 &nbsp;la detenci\u00f3n de una persona por feminicidio cometido en Huajuapan de Le\u00f3n.<\/p>\n\n\n\n<p>Se trata de J.D.H.T., alias \u201cEL Joshua\u201d, quien es se\u00f1alado de haber matado a su pareja identificada como Hanna Al\u00ed R. S., localizada en una vivienda en dicho municipio de la regi\u00f3n Mixteca.&nbsp;<\/p>\n\n\n\n<p>Como se dio a conocer, los hechos ocurrieron el 24 de abril de 2025, cuando localizaron a la v\u00edctima sin vida, al interior de una vivienda en la calle M\u00e1rtires de Chicago, de la colonia San Isidro Poniente.<\/p>\n\n\n\n<p>Tras ello iniciaron las indagatorias bajo los protocolos de feminicidio y la Fiscal\u00eda General del Estado confirm\u00f3 que alteraron la escena del crimen para aparentar un suicidio.&nbsp;<\/p>\n\n\n\n<p>Posteriormente detuvo a un m\u00e9dico, acusado de encubrir el crimen y por lo cual ayer un grupo de personas protest\u00f3 en la sede judicial de Huajuapan.&nbsp;<\/p>\n\n\n\n<p>Este d\u00eda, el Grupo de Operaciones T\u00e1cticas de la Agencia Estatal de Investigaciones, en un operativo conjunto con la Secretar\u00eda de Marina, Secretar\u00eda de la Defensa Nacional y la Guardia Nacional, con apoyo de la Secretar\u00eda de Seguridad y Protecci\u00f3n Ciudadana, dieron con el paradero de J.D.H.T., alias \u201cEL Joshua\u201d.<\/p>\n\n\n\n<p>El sujeto fue detenido de forma legal, y enseguida qued\u00f3 a disposici\u00f3n de la autoridad correspondiente para determinar su situaci\u00f3n jur\u00eddica.&nbsp;<\/p>\n","protected":false},"excerpt":{"rendered":"<p>Ismael Garc\u00eda M.\/Zona Roja.&nbsp; Oaxaca de Ju\u00e1rez, Oax., a 1 de mayo de 2025.- La&hellip;<\/p>\n","protected":false},"author":2,"featured_media":79703,"comment_status":"closed","ping_status":"open","sticky":false,"template":"","format":"standard","meta":{"_lmt_disableupdate":"","_lmt_disable":"","_jetpack_memberships_contains_paid_content":false,"footnotes":""},"categories":[109,46],"tags":[],"class_list":["post-79900","post","type-post","status-publish","format-standard","has-post-thumbnail","hentry","category-minuto-a-minuto","category-zona-blanca"],"jetpack_featured_media_url":"https:\/\/zonaroja.com.mx\/wp-content\/uploads\/2025\/04\/c366c5b3-237c-4e04-96f9-fd468de9114c-1.jpg","jetpack_sharing_enabled":true,"_links":{"self":[{"href":"https:\/\/zonaroja.com.mx\/index.php?rest_route=\/wp\/v2\/posts\/79900","targetHints":{"allow":["GET"]}}],"collection":[{"href":"https:\/\/zonaroja.com.mx\/index.php?rest_route=\/wp\/v2\/posts"}],"about":[{"href":"https:\/\/zonaroja.com.mx\/index.php?rest_route=\/wp\/v2\/types\/post"}],"author":[{"embeddable":true,"href":"https:\/\/zonaroja.com.mx\/index.php?rest_route=\/wp\/v2\/users\/2"}],"replies":[{"embeddable":true,"href":"https:\/\/zonaroja.com.mx\/index.php?rest_route=%2Fwp%2Fv2%2Fcomments&post=79900"}],"version-history":[{"count":1,"href":"https:\/\/zonaroja.com.mx\/index.php?rest_route=\/wp\/v2\/posts\/79900\/revisions"}],"predecessor-version":[{"id":79901,"href":"https:\/\/zonaroja.com.mx\/index.php?rest_route=\/wp\/v2\/posts\/79900\/revisions\/79901"}],"wp:featuredmedia":[{"embeddable":true,"href":"https:\/\/zonaroja.com.mx\/index.php?rest_route=\/wp\/v2\/media\/79703"}],"wp:attachment":[{"href":"https:\/\/zonaroja.com.mx\/index.php?rest_route=%2Fwp%2Fv2%2Fmedia&parent=79900"}],"wp:term":[{"taxonomy":"category","embeddable":true,"href":"https:\/\/zonaroja.com.mx\/index.php?rest_route=%2Fwp%2Fv2%2Fcategories&post=79900"},{"taxonomy":"post_tag","embeddable":true,"href":"https:\/\/zonaroja.com.mx\/index.php?rest_route=%2Fwp%2Fv2%2Ftags&post=79900"}],"curies":[{"name":"wp","href":"https:\/\/api.w.org\/{rel}","templated":true}]}}