{"id":79903,"date":"2025-05-01T20:27:19","date_gmt":"2025-05-02T02:27:19","guid":{"rendered":"https:\/\/zonaroja.com.mx\/?p=79903"},"modified":"2025-05-01T20:27:22","modified_gmt":"2025-05-02T02:27:22","slug":"el-fofo-marquez-se-queda-en-prision-confirman-pena-de-17-anos-y-6-meses","status":"publish","type":"post","link":"https:\/\/zonaroja.com.mx\/?p=79903","title":{"rendered":"El \u2018Fofo\u2019 M\u00e1rquez se queda en prisi\u00f3n: confirman pena de 17 a\u00f1os y 6 meses"},"content":{"rendered":"\n<p>Redacci\u00f3n\/Zona Roja Cdmx.<\/p>\n\n\n\n<p>Ciudad de M\u00e9xico, a 1 de mayo de 2025.- \u2018Fofo\u2019 M\u00e1rquez se encuentra en la c\u00e1rcel despu\u00e9s de recibir la condena por el delito de feminicidio en grado de tentativa, pena que confirm\u00f3 el Poder Judicial del Estado de M\u00e9xico este jueves luego de descartar la apelaci\u00f3n que metieron los abogados del creador de contenido.<\/p>\n\n\n\n<p>La agresi\u00f3n de \u2018Fofo\u2019 contra Edith en la v\u00eda p\u00fablica ocasion\u00f3 que el \u201cinfluencer\u201d fuera arrestado y tras las audiencias, condenado a 17 a\u00f1os y 6 meses de prisi\u00f3n.<\/p>\n\n\n\n<p>Adem\u00e1s, Rodolfo \u2018Fofo\u2019 M\u00e1rquez debe pagar 36 mil 400 pesos por concepto de tratamiento psicol\u00f3gico contra su v\u00edctima como reparaci\u00f3n del da\u00f1o material, anteriormente el monto se fij\u00f3 en 277 mil pesos totales, cantidad que inclu\u00eda el pago por da\u00f1o moral.<\/p>\n\n\n\n<p>Sin embargo, en el comunicado de la sentencia, compartido el pasado 29 de enero, no se desglos\u00f3 la cifra inicial que determinaron las autoridades respecto a lo que deb\u00eda pagar \u2018Fofo\u2019 \u00fanicamente por da\u00f1o material.<\/p>\n\n\n\n<p>\u201cEl Segundo Tribunal de Alzada en Materia Penal del Poder Judicial del Edomex con sede en Tlalnepantla, confirm\u00f3 la responsabilidad penal de Rodolfo \u2018N\u2019 por el delito de feminicidio en grado de tentativa\u201d, se lee en el comunicado.<\/p>\n\n\n\n<p>Esto confirma que \u2018Fofo\u2019 M\u00e1rquez permanecer\u00e1 en tras las rejas hasta que cumpla 44 a\u00f1os, es decir, en 2042 (en caso de que su pena no sea reducida).<\/p>\n\n\n\n<p>En el comunicado emitido por las autoridades del Estado de M\u00e9xico se indica que \u201cotros conceptos\u201d como da\u00f1o emergente y reparaci\u00f3n del da\u00f1o moral, se cuantificar\u00e1 una cifra en la \u201cejecuci\u00f3n penal\u201d, esto quiere decir que es cuando el centro penitenciario confirme la sentencia (lugar donde \u2018Fofo\u2019 M\u00e1rquez est\u00e1 preso).<\/p>\n\n\n\n<p>EN PENAL DE BARRIENTOS<\/p>\n\n\n\n<p>\u2018Fofo\u2019 M\u00e1rquez fue detenido en abril de 2024 y posteriormente trasladado al Penal de Barrientos \u2018el palacio negro\u2019, donde estuvo en prisi\u00f3n preventiva,<\/p>\n\n\n\n<p>En este sitio, Rodolfo M\u00e1rquez fue vinculado a proceso, sin embargo, tras el dictamen de su sentencia, se difundi\u00f3 un video donde dos elementos de seguridad de la prisi\u00f3n lo agred\u00edan f\u00edsicamente.<\/p>\n\n\n\n<p>Consecuentemente, las autoridades del Edomex decidieron trasladarlo al Centro de Reinserci\u00f3n social de Texcoco: La Secretar\u00eda de Seguridad reprueba estos actos y toma acciones inmediatas, por lo que la #PPL (Persona Privada de la Libertad) ser\u00e1&nbsp;trasladada a otro penal, a fin de salvaguardar su integridad\u201c, informaron en una tarjeta informativa.<\/p>\n\n\n\n<p>LA AGRESI\u00d3N<\/p>\n\n\n\n<p>La agresi\u00f3n de \u2018fofo\u2019 M\u00e1rquez a una mujer identificada como Edith ocurri\u00f3 en 2022 en un estacionamiento en el Estado de M\u00e9xico.<\/p>\n\n\n\n<p>El influencer viajaba en su coche cuando tuvo un incidente vial con la mujer, sin embargo, \u00e9l se baja de su auto para dialogar y cuando regresa a buscar los papeles del coche, comienza a golpear a la se\u00f1ora en m\u00faltiples ocasiones.<\/p>\n\n\n\n<p>Acto seguido, el creador de contenido se sube a su auto y se va del lugar, ubicado en Circunvalaci\u00f3n, de la colonia Ciudad Brisa, en el municipio de Naucalpan., inform\u00f3 la Fiscal\u00eda del Edomex.<\/p>\n\n\n\n<p>\u2018Fofo\u2019 M\u00e1rquez pidi\u00f3 disculpas a su v\u00edctima, pero ella no lo concedi\u00f3 y continu\u00f3 con el proceso legal: \u00abSus disculpas no son sinceras, de \u00e9l no hay arrepentimiento todav\u00eda\u201c, coment\u00f3 Edith.<\/p>\n\n\n\n<p>(Informaci\u00f3n de \u201cEl Financiero\u201d)<\/p>\n","protected":false},"excerpt":{"rendered":"<p>Redacci\u00f3n\/Zona Roja Cdmx. Ciudad de M\u00e9xico, a 1 de mayo de 2025.- \u2018Fofo\u2019 M\u00e1rquez se&hellip;<\/p>\n","protected":false},"author":2,"featured_media":76842,"comment_status":"closed","ping_status":"open","sticky":false,"template":"","format":"standard","meta":{"_lmt_disableupdate":"","_lmt_disable":"","_jetpack_memberships_contains_paid_content":false,"footnotes":""},"categories":[109,47],"tags":[4178],"class_list":["post-79903","post","type-post","status-publish","format-standard","has-post-thumbnail","hentry","category-minuto-a-minuto","category-zona-gris","tag-rodolfo-fofo-marquez"],"jetpack_featured_media_url":"https:\/\/zonaroja.com.mx\/wp-content\/uploads\/2025\/01\/Influencer-Fofo-Marquez.jpg","jetpack_sharing_enabled":true,"_links":{"self":[{"href":"https:\/\/zonaroja.com.mx\/index.php?rest_route=\/wp\/v2\/posts\/79903","targetHints":{"allow":["GET"]}}],"collection":[{"href":"https:\/\/zonaroja.com.mx\/index.php?rest_route=\/wp\/v2\/posts"}],"about":[{"href":"https:\/\/zonaroja.com.mx\/index.php?rest_route=\/wp\/v2\/types\/post"}],"author":[{"embeddable":true,"href":"https:\/\/zonaroja.com.mx\/index.php?rest_route=\/wp\/v2\/users\/2"}],"replies":[{"embeddable":true,"href":"https:\/\/zonaroja.com.mx\/index.php?rest_route=%2Fwp%2Fv2%2Fcomments&post=79903"}],"version-history":[{"count":1,"href":"https:\/\/zonaroja.com.mx\/index.php?rest_route=\/wp\/v2\/posts\/79903\/revisions"}],"predecessor-version":[{"id":79904,"href":"https:\/\/zonaroja.com.mx\/index.php?rest_route=\/wp\/v2\/posts\/79903\/revisions\/79904"}],"wp:featuredmedia":[{"embeddable":true,"href":"https:\/\/zonaroja.com.mx\/index.php?rest_route=\/wp\/v2\/media\/76842"}],"wp:attachment":[{"href":"https:\/\/zonaroja.com.mx\/index.php?rest_route=%2Fwp%2Fv2%2Fmedia&parent=79903"}],"wp:term":[{"taxonomy":"category","embeddable":true,"href":"https:\/\/zonaroja.com.mx\/index.php?rest_route=%2Fwp%2Fv2%2Fcategories&post=79903"},{"taxonomy":"post_tag","embeddable":true,"href":"https:\/\/zonaroja.com.mx\/index.php?rest_route=%2Fwp%2Fv2%2Ftags&post=79903"}],"curies":[{"name":"wp","href":"https:\/\/api.w.org\/{rel}","templated":true}]}}