{"id":79905,"date":"2025-05-01T20:41:33","date_gmt":"2025-05-02T02:41:33","guid":{"rendered":"https:\/\/zonaroja.com.mx\/?p=79905"},"modified":"2025-05-01T20:41:36","modified_gmt":"2025-05-02T02:41:36","slug":"tras-marchas-recibe-jara-cruz-a-dirigencias-de-seccion-22-y-seccion-35","status":"publish","type":"post","link":"https:\/\/zonaroja.com.mx\/?p=79905","title":{"rendered":"Tras marchas, recibe Jara Cruz a dirigencias de Secci\u00f3n 22 y Secci\u00f3n 35"},"content":{"rendered":"\n<p>Redacci\u00f3n\/Zona Roja.<\/p>\n\n\n\n<p>Oaxaca de Ju\u00e1rez, Oax. 1 de mayo de 2025.- Como cada a\u00f1o, en un ambiente de respeto y di\u00e1logo, el gobernador Salom\u00f3n Jara Cruz recibi\u00f3 el pliego petitorio 2025 por parte de la Secci\u00f3n XXII del Sindicato Nacional de Trabajadores de la Educaci\u00f3n (SNTE).&nbsp;<\/p>\n\n\n\n<p>En el sal\u00f3n \u201cBenito Ju\u00e1rez\u201d del Palacio de Gobierno, el mandatario estatal sostuvo un encuentro con integrantes del Comit\u00e9 Ejecutivo Seccional del magisterio oaxaque\u00f1o, quienes, a trav\u00e9s del secretario de Organizaci\u00f3n, Nic\u00e9foro C\u00e9sar Garc\u00eda Zurita entreg\u00f3 el documento.<\/p>\n\n\n\n<p>A esta reuni\u00f3n tambi\u00e9n acudieron el titular del Instituto Estatal de Educaci\u00f3n P\u00fablica de Oaxaca (IEEPO), Emilio Montero P\u00e9rez y la secretaria de Educaci\u00f3n P\u00fablica (SEP) de Oaxaca, Delfina Guzm\u00e1n D\u00edaz.&nbsp;<\/p>\n\n\n\n<p>Al respecto, Montero P\u00e9rez destac\u00f3 que el Gobierno de Oaxaca mantiene comunicaci\u00f3n permanente con la dirigencia de la Secci\u00f3n XXII, enmarcada en el respeto a la legalidad.&nbsp;<\/p>\n\n\n\n<p>Afirm\u00f3 que la administraci\u00f3n del Gobernador Salom\u00f3n Jara ha mostrado, en todo momento, disposici\u00f3n para atender las peticiones de las maestras y maestros que implican procedimientos administrativos, demandas pol\u00edticas y de justicia.&nbsp;<\/p>\n\n\n\n<p>\u201cEs muy importante mantener esta relaci\u00f3n de construcci\u00f3n de acuerdos y respeto mutuo en el debate constructivo, que busque salidas a los planteamientos que, durante mucho tiempo, no se tendieron\u201d, dijo.&nbsp;<\/p>\n\n\n\n<p>El funcionario estatal ofreci\u00f3 que los puntos del pliego petitorio entregado este a\u00f1o ser\u00e1n analizados, en coordinaci\u00f3n con el Gobierno Federal, toda vez que varios planteamientos recaen en su responsabilidad.&nbsp;<\/p>\n\n\n\n<p>Las respuestas, agreg\u00f3, ser\u00e1n entregadas con oportunidad a la dirigencia de la Secci\u00f3n XXII para que, de acuerdo a su procedimiento interno, sean analizadas.\u00a0<\/p>\n\n\n\n<figure class=\"wp-block-embed is-type-rich is-provider-twitter wp-block-embed-twitter\"><div class=\"wp-block-embed__wrapper\">\n<div class=\"twitter-tweet\"><blockquote class=\"twitter-tweet\" data-lang=\"es\"><p lang=\"es\" dir=\"ltr\">En la sede del Poder Ejecutivo, el gobernador <a href=\"https:\/\/twitter.com\/salomonj?ref_src=twsrc%5Etfw\">@salomonj<\/a> recibi\u00f3 a una representaci\u00f3n de la Secci\u00f3n 22 del SNTE, que entreg\u00f3 su pliego petitorio, tras la marcha que realiz\u00f3 la gremial del crucero a Trinidad de Viguera al z\u00f3calo. <a href=\"https:\/\/t.co\/lev40MSpro\">pic.twitter.com\/lev40MSpro<\/a><\/p>&mdash; Zona Roja Oaxaca (@ZonaRoja_Oaxaca) <a href=\"https:\/\/twitter.com\/ZonaRoja_Oaxaca\/status\/1918017119515533701?ref_src=twsrc%5Etfw\">1 de mayo de 2025<\/a><\/blockquote><\/div>\n<\/div><\/figure>\n\n\n\n<p>CON SECTOR SALUD<\/p>\n\n\n\n<p>En otro encuentro, el titular del Poder Ejecutivo recibi\u00f3 el pliego petitorio de la Secci\u00f3n 35 del Sindicato Nacional de Trabajadores de la Secretar\u00eda de Salud (SNTSA).<\/p>\n\n\n\n<p>En el marco del D\u00eda Internacional del Trabajo que se conmemora este 1 mayo, el cual reivindica los derechos laborales, el mandatario estatal refrend\u00f3 ante representantes de este sector encabezado por el secretario general de la gremial, Omar Jes\u00fas L\u00f3pez S\u00e1nchez; la disposici\u00f3n al di\u00e1logo respetuoso, honesto, atento y permanente que caracteriza a su gobierno.<\/p>\n\n\n\n<p>\u201cEste gobierno tiene muy claro c\u00f3mo se encuentra el sector salud, desde la manera en la que el gobierno pasado nos lo entreg\u00f3, as\u00ed como los retos que enfrenta en esta transici\u00f3n al IMSS- Bienestar. Sabemos que debemos dignificar a las y los trabajadores de este sector para fortalecer la vida de las familias, ese es nuestro compromiso\u201d, afirm\u00f3.&nbsp;<\/p>\n\n\n\n<p>Luego de escuchar las necesidades y planteamientos de las y los representantes de los hospitales General \u201cDr. Aurelio Valdivieso\u201d; de la Ni\u00f1ez Oaxaque\u00f1a y el Psiqui\u00e1trico \u201cCruz del Sur\u201d; el titular del Poder Ejecutivo expres\u00f3 su voluntad y compromiso para analizar las demandas de las y los trabajadores; se\u00f1alando que el objetivo de su gobierno siempre ha sido brindar una respuesta oportuna, en el marco de las capacidades presupuestales, t\u00e9cnicas y legales.<\/p>\n\n\n\n<p>Durante este acto realizado en el Sal\u00f3n \u201cBenito Ju\u00e1rez\u201d del Palacio de Gobierno, Jara Cruz se\u00f1al\u00f3 que su administraci\u00f3n seguir\u00e1 trabajando para garantizar el abasto de medicamentos e infraestructura en las unidades m\u00e9dicas, al tiempo de destacar la loable labor que desempe\u00f1an las y los m\u00e9dicos, enfermeros, camilleros, personal administrativo y de limpieza; tanto en la ciudad como en los municipios de las ocho regiones.<\/p>\n\n\n\n<p>En su oportunidad, el secretario general de la Secci\u00f3n 35 del SNTSA, Omar Jes\u00fas L\u00f3pez S\u00e1nchez se\u00f1al\u00f3 que el pliego petitorio contempla una glosa de temas de competencia estatal y federal para salir del rezago hist\u00f3rico en el que Oaxaca a estado inmerso y brindar una atenci\u00f3n de calidad y calidez a la poblaci\u00f3n.<\/p>\n","protected":false},"excerpt":{"rendered":"<p>Redacci\u00f3n\/Zona Roja. Oaxaca de Ju\u00e1rez, Oax. 1 de mayo de 2025.- Como cada a\u00f1o, en&hellip;<\/p>\n","protected":false},"author":2,"featured_media":79906,"comment_status":"closed","ping_status":"open","sticky":false,"template":"","format":"standard","meta":{"_lmt_disableupdate":"","_lmt_disable":"","_jetpack_memberships_contains_paid_content":false,"footnotes":""},"categories":[109,46],"tags":[939],"class_list":["post-79905","post","type-post","status-publish","format-standard","has-post-thumbnail","hentry","category-minuto-a-minuto","category-zona-blanca","tag-salomon-jara-cruz"],"jetpack_featured_media_url":"https:\/\/zonaroja.com.mx\/wp-content\/uploads\/2025\/05\/Reunion-gobernador-Seccion-22.jpg","jetpack_sharing_enabled":true,"_links":{"self":[{"href":"https:\/\/zonaroja.com.mx\/index.php?rest_route=\/wp\/v2\/posts\/79905","targetHints":{"allow":["GET"]}}],"collection":[{"href":"https:\/\/zonaroja.com.mx\/index.php?rest_route=\/wp\/v2\/posts"}],"about":[{"href":"https:\/\/zonaroja.com.mx\/index.php?rest_route=\/wp\/v2\/types\/post"}],"author":[{"embeddable":true,"href":"https:\/\/zonaroja.com.mx\/index.php?rest_route=\/wp\/v2\/users\/2"}],"replies":[{"embeddable":true,"href":"https:\/\/zonaroja.com.mx\/index.php?rest_route=%2Fwp%2Fv2%2Fcomments&post=79905"}],"version-history":[{"count":1,"href":"https:\/\/zonaroja.com.mx\/index.php?rest_route=\/wp\/v2\/posts\/79905\/revisions"}],"predecessor-version":[{"id":79907,"href":"https:\/\/zonaroja.com.mx\/index.php?rest_route=\/wp\/v2\/posts\/79905\/revisions\/79907"}],"wp:featuredmedia":[{"embeddable":true,"href":"https:\/\/zonaroja.com.mx\/index.php?rest_route=\/wp\/v2\/media\/79906"}],"wp:attachment":[{"href":"https:\/\/zonaroja.com.mx\/index.php?rest_route=%2Fwp%2Fv2%2Fmedia&parent=79905"}],"wp:term":[{"taxonomy":"category","embeddable":true,"href":"https:\/\/zonaroja.com.mx\/index.php?rest_route=%2Fwp%2Fv2%2Fcategories&post=79905"},{"taxonomy":"post_tag","embeddable":true,"href":"https:\/\/zonaroja.com.mx\/index.php?rest_route=%2Fwp%2Fv2%2Ftags&post=79905"}],"curies":[{"name":"wp","href":"https:\/\/api.w.org\/{rel}","templated":true}]}}