{"id":79911,"date":"2025-05-02T08:15:00","date_gmt":"2025-05-02T14:15:00","guid":{"rendered":"https:\/\/zonaroja.com.mx\/?p=79911"},"modified":"2025-05-02T07:06:55","modified_gmt":"2025-05-02T13:06:55","slug":"se-hermanan-sectores-turisticos-de-oaxaca-y-baja-california","status":"publish","type":"post","link":"https:\/\/zonaroja.com.mx\/?p=79911","title":{"rendered":"Se hermanan sectores tur\u00edsticos de Oaxaca y Baja California"},"content":{"rendered":"\n<p>Redacci\u00f3n\/Zona Roja.<\/p>\n\n\n\n<p>Oaxaca de Ju\u00e1rez, Oax., a 2 de mayo de 2025.- La gastronom\u00eda, cultura y tradici\u00f3n hermanaron a Oaxaca y Baja California en el marco del Tianguis Tur\u00edstico de M\u00e9xico 2025, en una convivencia especial con el evento \u201cBaja California marida con Oaxaca\u201d, para celebrar el encuentro entre dos grandes estados, inform\u00f3 la secretaria de Turismo, Saymi Pineda Velasco.<\/p>\n\n\n\n<p>Esta actividad fue dirigida a las y los prestadores de servicios tur\u00edsticos, operadores, medios de comunicaci\u00f3n y aliados, que han hecho del turismo una herramienta de reconciliaci\u00f3n social y generadora de bienestar en M\u00e9xico.<\/p>\n\n\n\n<p>\u201cEntre aromas, colores y sabores, celebramos lo mejor de ambos estados en este espacio que ha sido cuidadosamente dise\u00f1ado para mostrarles la riqueza gastron\u00f3mica, cultural, folcl\u00f3rica y artesanal de ambas entidades\u201d, se\u00f1al\u00f3 la funcionaria estatal.<\/p>\n\n\n\n<p>Dijo que con esta convivencia se celebra tambi\u00e9n el orgullo de las cocineras tradicionales y chefs, guardianes de una cocina ancestral que comparten su talento con todo el pa\u00eds.<\/p>\n\n\n\n<p>Pineda Velasco agradeci\u00f3 la hospitalidad de las autoridades de Baja California, \u201ceste maridaje no solo nos deja un buen sabor de boca: nos inspira a seguir construyendo conexiones entre territorios, cocinas y culturas, y a fortalecer la presencia de Oaxaca\u201d.<\/p>\n\n\n\n<p>Finalmente, enfatiz\u00f3 que a trav\u00e9s de este encuentro se posiciona al estado como el \u201cepicentro gastron\u00f3mico de M\u00e9xico\u201d, al llevar sus sabores a las mejores mesas y estrechar los lazos con otras entidades hermanas, para generar nuevas experiencias de hospitalidad y conexi\u00f3n.<\/p>\n\n\n\n<p>VUELO A DALLAS<\/p>\n\n\n\n<p>Por otra parte, en el marco del Tianguis Tur\u00edstico de M\u00e9xico 2025, la Secretar\u00eda de Turismo del Estado (Sectur Oaxaca) anunci\u00f3 que, a partir del pr\u00f3ximo 3 de diciembre, el vuelo Dallas-Puerto Escondido iniciar\u00e1 operaciones con la aerol\u00ednea American Airlines.<\/p>\n\n\n\n<p>Ante personas compradoras y medios de comunicaci\u00f3n, la titular de la dependencia estatal, Saymi Pineda Velasco destac\u00f3 que con este vuelo se contar\u00e1 con cerca de 8 mil nuevos asientos anuales disponibles para el turismo internacional en 2026, contribuyendo a fortalecer el flujo tur\u00edstico y la derrama econ\u00f3mica para este destino de la regi\u00f3n Costa.<\/p>\n\n\n\n<p>\u201cCon gran entusiasmo, anunciamos el inicio de operaciones de una nueva ruta internacional que fortalecer\u00e1 la proyecci\u00f3n de nuestro estado a nivel global\u201d, destac\u00f3 la funcionaria ante el director general de Aeropuertos Mexicanos (AME), Javier Garc\u00eda Bejos.<\/p>\n\n\n\n<p>Pineda Velasco explic\u00f3 que este vuelo contar\u00e1 con dos frecuencias semanales los d\u00edas mi\u00e9rcoles y s\u00e1bados, con lo que Puerto Escondido se convierte en el destino n\u00famero 30 de American Airlines en M\u00e9xico, todo ello gracias a la modernizaci\u00f3n de la terminal a\u00e9rea del destino, lo cual comienza a rendir frutos y a ampliar el horizonte de oportunidades para todos los sectores productivos de la regi\u00f3n.&nbsp;<\/p>\n\n\n\n<p>Dijo que gracias a la pol\u00edtica tur\u00edstica de generar mayor bienestar para la poblaci\u00f3n y mejorar el desarrollo econ\u00f3mico del estado que impulsa el Gobernador Salom\u00f3n Jara Cruz, Oaxaca se ha convertido en uno de los destinos m\u00e1s importantes.<\/p>\n\n\n\n<p>SE SUMA VIVA<\/p>\n\n\n\n<p>En otro tema, la Secretar\u00eda de Turismo (Sectur) Oaxaca inform\u00f3 que la aerol\u00ednea Viva ser\u00e1 la patrocinadora oficial de la Guelaguetza 2025, lo cual representa otra ventana de promoci\u00f3n que permitir\u00e1 incrementar el flujo de turistas nacionales e internacionales en la entidad.<\/p>\n\n\n\n<p>En el marco del Tianguis Tur\u00edstico 2025, la titular de la dependencia estatal, Saymi Pineda Velasco destac\u00f3 que esta colaboraci\u00f3n se formaliza con la firma de una Carta de Intenci\u00f3n, que marca el inicio de una ruta compartida hacia la promoci\u00f3n del turismo cultural; mediante acciones que visibilicen a la m\u00e1xima fiesta de las y los oaxaque\u00f1os en los canales de difusi\u00f3n de la empresa a\u00e9rea.<\/p>\n\n\n\n<p>\u201cHoy con esta colaboraci\u00f3n, Viva pone en alto esta fiesta oaxaque\u00f1a en su 93 edici\u00f3n, s\u00edmbolo vivo de la generosidad y esp\u00edritu comunitario de los pueblos oaxaque\u00f1os, que contin\u00faa consolid\u00e1ndose como uno de los eventos culturales m\u00e1s importantes a nivel nacional e internacional\u201d, dijo.<\/p>\n\n\n\n<p>Adem\u00e1s, se\u00f1al\u00f3 que esta alianza se concret\u00f3 gracias a la confianza de la aerol\u00ednea en Oaxaca, como un destino tur\u00edstico que se ha logrado posicionar en los mercados nacionales e internacionales, y se identifica como el coraz\u00f3n cultural de M\u00e9xico debido al impulso del Gobernador Salom\u00f3n Jara Cruz.<\/p>\n\n\n\n<p>En tanto, el director de Comunicaci\u00f3n Corporativa de Viva, Walfred Castro celebr\u00f3 esta alianza con el Gobierno de Oaxaca al ser parte de la fiesta m\u00e1s grande de la entidad y una de las m\u00e1s importantes del pa\u00eds. Asimismo, reafirm\u00f3 el compromiso de la empresa con el estado al conectar 11 vuelos a distintas ciudades del pa\u00eds.<\/p>\n\n\n\n<p>De acuerdo con datos de la Sectur Oaxaca, el primer trimestre de 2025, Viva ocup\u00f3 el tercer lugar en frecuencias, oferta de asientos disponibles y en porcentaje de pasajeras y pasajeros transportados al aeropuerto de Oaxaca; mientras que a Puerto Escondido y Bah\u00edas de Huatulco ocup\u00f3 el primer lugar.<\/p>\n\n\n\n<p>Las terminales a\u00e9reas del estado mantienen actualmente vuelos directos a trav\u00e9s de esta aerol\u00ednea que conecta a la ciudad de Oaxaca con varios destinos: Ciudad de M\u00e9xico, Monterrey, Tijuana y el Aeropuerto Internacional Felipe \u00c1ngeles (AIFA); en tanto, Bah\u00edas de Huatulco hacia la Ciudad de M\u00e9xico, Monterrey y AIFA; mientras que, Puerto Escondido con la Ciudad de M\u00e9xico, AIFA, Monterrey y Guadalajara.<\/p>\n","protected":false},"excerpt":{"rendered":"<p>Redacci\u00f3n\/Zona Roja. Oaxaca de Ju\u00e1rez, Oax., a 2 de mayo de 2025.- La gastronom\u00eda, cultura&hellip;<\/p>\n","protected":false},"author":2,"featured_media":79912,"comment_status":"closed","ping_status":"open","sticky":false,"template":"","format":"standard","meta":{"_lmt_disableupdate":"","_lmt_disable":"","_jetpack_memberships_contains_paid_content":false,"footnotes":""},"categories":[109,46],"tags":[1031],"class_list":["post-79911","post","type-post","status-publish","format-standard","has-post-thumbnail","hentry","category-minuto-a-minuto","category-zona-blanca","tag-secretaria-de-turismo-oaxaca"],"jetpack_featured_media_url":"https:\/\/zonaroja.com.mx\/wp-content\/uploads\/2025\/05\/Oaxaca-se-hermana-con-Baja-California-a-traves-de-su-riqueza-gastronomica-cultura-y-tradicion-1.jpg","jetpack_sharing_enabled":true,"_links":{"self":[{"href":"https:\/\/zonaroja.com.mx\/index.php?rest_route=\/wp\/v2\/posts\/79911","targetHints":{"allow":["GET"]}}],"collection":[{"href":"https:\/\/zonaroja.com.mx\/index.php?rest_route=\/wp\/v2\/posts"}],"about":[{"href":"https:\/\/zonaroja.com.mx\/index.php?rest_route=\/wp\/v2\/types\/post"}],"author":[{"embeddable":true,"href":"https:\/\/zonaroja.com.mx\/index.php?rest_route=\/wp\/v2\/users\/2"}],"replies":[{"embeddable":true,"href":"https:\/\/zonaroja.com.mx\/index.php?rest_route=%2Fwp%2Fv2%2Fcomments&post=79911"}],"version-history":[{"count":1,"href":"https:\/\/zonaroja.com.mx\/index.php?rest_route=\/wp\/v2\/posts\/79911\/revisions"}],"predecessor-version":[{"id":79913,"href":"https:\/\/zonaroja.com.mx\/index.php?rest_route=\/wp\/v2\/posts\/79911\/revisions\/79913"}],"wp:featuredmedia":[{"embeddable":true,"href":"https:\/\/zonaroja.com.mx\/index.php?rest_route=\/wp\/v2\/media\/79912"}],"wp:attachment":[{"href":"https:\/\/zonaroja.com.mx\/index.php?rest_route=%2Fwp%2Fv2%2Fmedia&parent=79911"}],"wp:term":[{"taxonomy":"category","embeddable":true,"href":"https:\/\/zonaroja.com.mx\/index.php?rest_route=%2Fwp%2Fv2%2Fcategories&post=79911"},{"taxonomy":"post_tag","embeddable":true,"href":"https:\/\/zonaroja.com.mx\/index.php?rest_route=%2Fwp%2Fv2%2Ftags&post=79911"}],"curies":[{"name":"wp","href":"https:\/\/api.w.org\/{rel}","templated":true}]}}