{"id":79914,"date":"2025-05-02T09:15:00","date_gmt":"2025-05-02T15:15:00","guid":{"rendered":"https:\/\/zonaroja.com.mx\/?p=79914"},"modified":"2025-05-02T07:29:57","modified_gmt":"2025-05-02T13:29:57","slug":"reconoce-colegio-francoise-dolto-incendio-y-ninos-quemados-en-festejo","status":"publish","type":"post","link":"https:\/\/zonaroja.com.mx\/?p=79914","title":{"rendered":"Reconoce colegio \u201cFran\u00e7oise Dolto\u201d incendio y ni\u00f1os quemados en festejo"},"content":{"rendered":"\n<p>Ismael Garc\u00eda M.\/Zona Roja.<\/p>\n\n\n\n<p>Oaxaca de Ju\u00e1rez, Oax., a 2 de mayo de 2025.- Tras la difusi\u00f3n de la tragedia ocurrida la noche del martes 29 de abril, el colegio \u201cFran\u00e7oise Dolto\u201d de la ciudad de Oaxaca reconoci\u00f3 que hubo un accidente pero sin detallar el n\u00famero ni la gravedad de los lesionados por quemaduras.<\/p>\n\n\n\n<p>\u201cEn el colegio \u2018Fran\u00e7oise Dolto\u2019 lamentamos profundamente el accidente suscitado en las instalaciones del plantel Berrioz\u00e1bal el pasado martes en una de las actividades del campamento con motivo del d\u00eda del ni\u00f1o\u201d, destac\u00f3 ayer en un comunicado.<\/p>\n\n\n\n<p>Seg\u00fan las denuncias de los padres de familia de dicho instituto privado, en la referida fecha hubo un festejo con fogata previo al D\u00eda del Ni\u00f1o; sin embargo, el fuego se sali\u00f3 de control y alcanz\u00f3 a al menos ocho menores de edad.<\/p>\n\n\n\n<p>La instituci\u00f3n educativa ubicada en la calle Berrioz\u00e1bal n\u00famero 120, entre Reforma y avenida Ju\u00e1rez, ocult\u00f3 el hecho e incluso orden\u00f3 borrar publicaciones en redes sociales, seg\u00fan denunciaron.<\/p>\n\n\n\n<p>Sin embargo, desde anteayer los tutores colocaron cartulinas en que demandan justicia e incluso aseguraron que ya se hab\u00eda interpuesto la denuncia correspondiente ante la Fiscal\u00eda General del Estado de Oaxaca, con el n\u00famero de carpeta 12219\/UNNA\/2025.<\/p>\n\n\n\n<p>\u201cJusticia para Franco Dar\u00edo. Justicia para todos los ni\u00f1os quemados\u201d. \u201cJusticia para los ni\u00f1os Kelly y Kinich. \u00a1Exigimos respuesta! Colegio Francoise Dolto, pasi\u00f3n por mentir\u201d. \u201c\u00a1Justicia para Aiden y para todos los ni\u00f1os quemados!\u201d \u201c\u00a1Justicia para Kazumi!\u201d \u201c\u00a1Justicia! Un campamento termin\u00f3 en tragedia\u201d, fueron los mensajes colocados.<\/p>\n\n\n\n<p>Fue hasta ayer en que la instituci\u00f3n educativa emiti\u00f3 un mensaje:<\/p>\n\n\n\n<p>\u201cEs importante para nosotros informar que se brind\u00f3 la atenci\u00f3n inmediata y que en el mayor de los casos los ni\u00f1os se reportan fuera de peligro.<\/p>\n\n\n\n<p>\u201cLos directivos se encuentran en contacto con los afectados, est\u00e1n y estar\u00e1n pendientes de la total recuperaci\u00f3n de los ni\u00f1os, reiterando que nuestra prioridad son ellos.<\/p>\n\n\n\n<p>\u201cAsimismo la escuela cuenta con una p\u00f3liza de seguro en la que ya se realiz\u00f3 el reporte y se est\u00e1 atendiendo la situaci\u00f3n. Esta p\u00f3liza cubre cualquier accidente en las instalaciones, el Colegio cubrir\u00e1 los gastos m\u00e9dicos y de recuperaci\u00f3n\u201d.<\/p>\n\n\n\n<p>En otro mensaje a trav\u00e9s de las redes sociales, informaron que las clases se reanudar\u00e1n hasta el martes 6 de mayo.<\/p>\n\n\n\n<figure class=\"wp-block-embed is-type-rich is-provider-twitter wp-block-embed-twitter\"><div class=\"wp-block-embed__wrapper\">\n<div class=\"twitter-tweet\"><blockquote class=\"twitter-tweet\" data-lang=\"es\"><p lang=\"es\" dir=\"ltr\">Terrible tragedia: <br>Denuncian que en el Colegio &quot;Francoise Dolto&quot;, ubicado en la calle de Berrioz\u00e1bal, ciudad de Oaxaca, hubo un accidente con saldo de al menos ocho alumnos quemados y hasta ahora no hay justicia. <br>Ya interpusieron su denuncia ante la <a href=\"https:\/\/twitter.com\/FISCALIA_GobOax?ref_src=twsrc%5Etfw\">@FISCALIA_GobOax<\/a>. <a href=\"https:\/\/t.co\/lmtnyc842y\">pic.twitter.com\/lmtnyc842y<\/a><\/p>&mdash; Zona Roja Oaxaca (@ZonaRoja_Oaxaca) <a href=\"https:\/\/twitter.com\/ZonaRoja_Oaxaca\/status\/1918041761345143005?ref_src=twsrc%5Etfw\">1 de mayo de 2025<\/a><\/blockquote><\/div>\n<\/div><\/figure>\n","protected":false},"excerpt":{"rendered":"<p>Ismael Garc\u00eda M.\/Zona Roja. Oaxaca de Ju\u00e1rez, Oax., a 2 de mayo de 2025.- Tras&hellip;<\/p>\n","protected":false},"author":2,"featured_media":79917,"comment_status":"closed","ping_status":"open","sticky":false,"template":"","format":"standard","meta":{"_lmt_disableupdate":"","_lmt_disable":"","_jetpack_memberships_contains_paid_content":false,"footnotes":""},"categories":[109,47],"tags":[4292],"class_list":["post-79914","post","type-post","status-publish","format-standard","has-post-thumbnail","hentry","category-minuto-a-minuto","category-zona-gris","tag-colegio-francoise-dolto-oaxaca"],"jetpack_featured_media_url":"https:\/\/zonaroja.com.mx\/wp-content\/uploads\/2025\/05\/Colegio-Francoise-Dolto.jpg","jetpack_sharing_enabled":true,"_links":{"self":[{"href":"https:\/\/zonaroja.com.mx\/index.php?rest_route=\/wp\/v2\/posts\/79914","targetHints":{"allow":["GET"]}}],"collection":[{"href":"https:\/\/zonaroja.com.mx\/index.php?rest_route=\/wp\/v2\/posts"}],"about":[{"href":"https:\/\/zonaroja.com.mx\/index.php?rest_route=\/wp\/v2\/types\/post"}],"author":[{"embeddable":true,"href":"https:\/\/zonaroja.com.mx\/index.php?rest_route=\/wp\/v2\/users\/2"}],"replies":[{"embeddable":true,"href":"https:\/\/zonaroja.com.mx\/index.php?rest_route=%2Fwp%2Fv2%2Fcomments&post=79914"}],"version-history":[{"count":1,"href":"https:\/\/zonaroja.com.mx\/index.php?rest_route=\/wp\/v2\/posts\/79914\/revisions"}],"predecessor-version":[{"id":79918,"href":"https:\/\/zonaroja.com.mx\/index.php?rest_route=\/wp\/v2\/posts\/79914\/revisions\/79918"}],"wp:featuredmedia":[{"embeddable":true,"href":"https:\/\/zonaroja.com.mx\/index.php?rest_route=\/wp\/v2\/media\/79917"}],"wp:attachment":[{"href":"https:\/\/zonaroja.com.mx\/index.php?rest_route=%2Fwp%2Fv2%2Fmedia&parent=79914"}],"wp:term":[{"taxonomy":"category","embeddable":true,"href":"https:\/\/zonaroja.com.mx\/index.php?rest_route=%2Fwp%2Fv2%2Fcategories&post=79914"},{"taxonomy":"post_tag","embeddable":true,"href":"https:\/\/zonaroja.com.mx\/index.php?rest_route=%2Fwp%2Fv2%2Ftags&post=79914"}],"curies":[{"name":"wp","href":"https:\/\/api.w.org\/{rel}","templated":true}]}}