{"id":79921,"date":"2025-05-02T11:15:00","date_gmt":"2025-05-02T17:15:00","guid":{"rendered":"https:\/\/zonaroja.com.mx\/?p=79921"},"modified":"2025-05-02T08:10:41","modified_gmt":"2025-05-02T14:10:41","slug":"fundaciones-de-toledo-invitan-a-concurso-infantil-invertiferos-peludos","status":"publish","type":"post","link":"https:\/\/zonaroja.com.mx\/?p=79921","title":{"rendered":"Fundaciones de Toledo invitan a concurso infantil \u201cInvert\u00edferos Peludos\u201d"},"content":{"rendered":"\n<p>Redacci\u00f3n\/Zona Roja.<\/p>\n\n\n\n<p>Oaxaca de Ju\u00e1rez, Oax., a 2 de mayo de 2025.-&nbsp; El pasado domingo 27 de abril fue presentado el concurso \u201cInvent\u00edferos Peludos\u201d 2025, en el marco de las actividades realizadas por el d\u00eda del ni\u00f1o en el Museo Infantil de Oaxaca (MIO).<\/p>\n\n\n\n<p>Se trata de un concurso dirigido a ni\u00f1as y ni\u00f1os de 4 a 11 a\u00f1os, en el que se les invita a crear un personaje fant\u00e1stico, dibujarlo y contar su historia, los dibujos ganadores ser\u00e1n materializados con la t\u00e9cnica de afelpado con agujas en el taller de Afelpado del CaSa.<\/p>\n\n\n\n<p>Esta convocatoria, que se emite por cuarta ocasi\u00f3n, es lanzada por el Centro de las Artes de San Agust\u00edn (CaSa), la Asociaci\u00f3n Civil Amigos del IAGO y del CFMAB y, este a\u00f1o, se suma el Museo Infantil de Oaxaca (MIO).&nbsp;<\/p>\n\n\n\n<p>El prop\u00f3sito de este concurso es promover la expresi\u00f3n art\u00edstica y creativa en las infancias y hacer una muestra de los trabajos que realiza el taller de Afelpado.<\/p>\n\n\n\n<p>\u201c\u00bfQu\u00e9 ni\u00f1a o ni\u00f1o no ha so\u00f1ado que los seres de su imaginaci\u00f3n cobran vida? Este concurso es la oportunidad perfecta para hacerlo posible. Me emociona pensar que cada \u2018Invent\u00edfero\u2019 ser\u00e1 mucho m\u00e1s que una obra de arte, pues llevar\u00e1 dentro de s\u00ed toda la creatividad de quien lo so\u00f1\u00f3\u201d, coment\u00f3 Arturo Saavedra, director del MIO.<\/p>\n\n\n\n<p>Las y los ni\u00f1os podr\u00e1n participar en las siguientes categor\u00edas: de 4 a 5 a\u00f1os, de 6 a 8 a\u00f1os y de 9 a 11 a\u00f1os, el jurado premiar\u00e1 a una persona por categor\u00eda, bas\u00e1ndose en la originalidad y viabilidad para su realizaci\u00f3n.<\/p>\n\n\n\n<p>Cada ganador recibir\u00e1 su \u201cInvent\u00edfero\u201d materializado en una figura tridimensional de aproximadamente 25 cent\u00edmetros, elaborada a mano utilizando la t\u00e9cnica de afelpado con lana de oveja. Los dise\u00f1os se producir\u00e1n en el taller de Afelpado del CaSa y se entregar\u00e1n en una ceremonia de premiaci\u00f3n a finales de a\u00f1o.<\/p>\n\n\n\n<p>Sara L\u00f3pez, presidenta de Amigos del IAGO y del CFMAB A.C. destac\u00f3 la importancia de esta colaboraci\u00f3n:&nbsp;<\/p>\n\n\n\n<p>\u201cEste tipo de concursos son importantes dado que, en el mundo donde vivimos, nos rodeamos de productos pre-imaginados. Es fundamental que continuemos fomentando actividades que inviten a los peque\u00f1os a usar su creatividad y su propia voz para generar personajes fant\u00e1sticos que co-habiten con ellos\u201d.<\/p>\n\n\n\n<p>El artista Francisco Toledo inici\u00f3 el taller de Afelpado en 2012 debido a que fue comisionado para realizar una serie de piezas para la Biblioteca Personal Carlos Monsiv\u00e1is, que se encuentra en la Biblioteca Jos\u00e9 Vasconcelos, en la Ciudad de M\u00e9xico.&nbsp;<\/p>\n\n\n\n<p>El artista comenz\u00f3 a realizar piezas explorando la t\u00e9cnica de afelpado, y posteriormente invit\u00f3 a varios artistas como Jan Hendrix, Francisco Castro Le\u00f1ero e Irma Palacios a experimentar con la t\u00e9cnica.&nbsp;<\/p>\n\n\n\n<p>Desde hace 12 a\u00f1os, el taller de Afelpado del CaSa produce piezas textiles realizadas con fibras de lana naturales con distintos artistas de M\u00e9xico y del mundo. Actualmente es dirigido por Marcela Ortega, quien se encargar\u00e1 de darle vida a las creaciones ganadoras del concurso.<\/p>\n\n\n\n<p>\u201cLos ni\u00f1os tienen una visi\u00f3n del mundo diferente\u201d, afirm\u00f3 Ortega. \u201cSienten ese asombro por las cosas comunes y est\u00e1n llenos de creatividad. Ahora llevaremos esa creatividad a otro nivel\u201d.<\/p>\n\n\n\n<p>La convocatoria cierra el lunes 16 de junio de 2025, las bases de participaci\u00f3n se pueden consultar en la p\u00e1gina web casa.oaxaca.gob.mx y al tel\u00e9fono 9515213024 extensi\u00f3n 104.<\/p>\n","protected":false},"excerpt":{"rendered":"<p>Redacci\u00f3n\/Zona Roja. Oaxaca de Ju\u00e1rez, Oax., a 2 de mayo de 2025.-&nbsp; El pasado domingo&hellip;<\/p>\n","protected":false},"author":2,"featured_media":79898,"comment_status":"closed","ping_status":"open","sticky":false,"template":"","format":"standard","meta":{"_lmt_disableupdate":"","_lmt_disable":"","_jetpack_memberships_contains_paid_content":false,"footnotes":""},"categories":[109,46],"tags":[791],"class_list":["post-79921","post","type-post","status-publish","format-standard","has-post-thumbnail","hentry","category-minuto-a-minuto","category-zona-blanca","tag-instituto-de-artes-graficas-de-oaxaca"],"jetpack_featured_media_url":"https:\/\/zonaroja.com.mx\/wp-content\/uploads\/2025\/05\/InventiferosPeludos_Presentacion-1.jpg","jetpack_sharing_enabled":true,"_links":{"self":[{"href":"https:\/\/zonaroja.com.mx\/index.php?rest_route=\/wp\/v2\/posts\/79921","targetHints":{"allow":["GET"]}}],"collection":[{"href":"https:\/\/zonaroja.com.mx\/index.php?rest_route=\/wp\/v2\/posts"}],"about":[{"href":"https:\/\/zonaroja.com.mx\/index.php?rest_route=\/wp\/v2\/types\/post"}],"author":[{"embeddable":true,"href":"https:\/\/zonaroja.com.mx\/index.php?rest_route=\/wp\/v2\/users\/2"}],"replies":[{"embeddable":true,"href":"https:\/\/zonaroja.com.mx\/index.php?rest_route=%2Fwp%2Fv2%2Fcomments&post=79921"}],"version-history":[{"count":1,"href":"https:\/\/zonaroja.com.mx\/index.php?rest_route=\/wp\/v2\/posts\/79921\/revisions"}],"predecessor-version":[{"id":79922,"href":"https:\/\/zonaroja.com.mx\/index.php?rest_route=\/wp\/v2\/posts\/79921\/revisions\/79922"}],"wp:featuredmedia":[{"embeddable":true,"href":"https:\/\/zonaroja.com.mx\/index.php?rest_route=\/wp\/v2\/media\/79898"}],"wp:attachment":[{"href":"https:\/\/zonaroja.com.mx\/index.php?rest_route=%2Fwp%2Fv2%2Fmedia&parent=79921"}],"wp:term":[{"taxonomy":"category","embeddable":true,"href":"https:\/\/zonaroja.com.mx\/index.php?rest_route=%2Fwp%2Fv2%2Fcategories&post=79921"},{"taxonomy":"post_tag","embeddable":true,"href":"https:\/\/zonaroja.com.mx\/index.php?rest_route=%2Fwp%2Fv2%2Ftags&post=79921"}],"curies":[{"name":"wp","href":"https:\/\/api.w.org\/{rel}","templated":true}]}}