{"id":79923,"date":"2025-05-02T11:14:00","date_gmt":"2025-05-02T17:14:00","guid":{"rendered":"https:\/\/zonaroja.com.mx\/?p=79923"},"modified":"2025-05-02T08:14:55","modified_gmt":"2025-05-02T14:14:55","slug":"dialogan-de-nuevo-claudia-sheinbaum-y-donald-trump","status":"publish","type":"post","link":"https:\/\/zonaroja.com.mx\/?p=79923","title":{"rendered":"Dialogan de nuevo Claudia Sheinbaum y Donald Trump"},"content":{"rendered":"\n<p>Redacci\u00f3n\/Zona Roja Cdmx.<\/p>\n\n\n\n<p>Ciudad de M\u00e9xico, a 2 de mayo de 2025.- Despu\u00e9s de una nueva conversaci\u00f3n telef\u00f3nica con el jefe de la Casa Blanca, Donald Trump, la presidenta Claudia Sheinbaum consider\u00f3 que fue un acercamiento cordial, reflejo de la voluntad de mejorar las condiciones de negocios. \u201cEs una buena se\u00f1al de que seguimos avanzando en el fortalecimiento del tratado comercial\u201d, a\u00f1adi\u00f3.<\/p>\n\n\n\n<p>A trav\u00e9s de sus redes sociales y posteriormente en su conferencia \u2013que se efectu\u00f3 a las 9 horas debido a que la conversaci\u00f3n telef\u00f3nica con Trump se realiz\u00f3 a las 7:30\u2013, Sheinbaum dio cuenta de los temas abordados: \u201cEstados Unidos est\u00e1 muy interesado en disminuir el d\u00e9ficit comercial con M\u00e9xico. Nosotros planteamos la manera de que, en toda la econom\u00eda, podamos comprar m\u00e1s a Estados Unidos y tener un comercio mejor y m\u00e1s amplio\u201d.<\/p>\n\n\n\n<p>En un mensaje en sus redes, la mandataria escribi\u00f3: \u201ctuve una conversaci\u00f3n muy positiva con el presidente Trump\u201d. Al ofrecer m\u00e1s detalles, explic\u00f3 que fue una pl\u00e1tica breve \u2013entre 10 y 15 minutos\u2013 que surgi\u00f3 tras una petici\u00f3n de su gobierno hace unas semanas y que la Casa Blanca confirm\u00f3 anoche.<\/p>\n\n\n\n<p>Suman seis las conversaciones telef\u00f3nicas entre Trump y Sheinbaum \u2013cinco oficiales\u2013, las cuales se han intensificado desde que el magnate comenz\u00f3 a aplicar su pol\u00edtica arancelaria, que incluye a M\u00e9xico y Canad\u00e1, a pesar de la vigencia del tratado comercial de Am\u00e9rica del Norte.<\/p>\n\n\n\n<p>Sheinbaum explic\u00f3 que, aunque no se lleg\u00f3 a un acuerdo espec\u00edfico, este nuevo acercamiento representa el inter\u00e9s de ambas partes por mejorar los t\u00e9rminos del intercambio comercial bilateral.<\/p>\n\n\n\n<p>\u201cAun con lo que se public\u00f3 hace dos d\u00edas, que es ben\u00e9fico para M\u00e9xico \u2013nuevas medidas en las importaciones estadunidenses en el ramo automotriz\u2013, queremos mejores condiciones para la industria automotriz, as\u00ed como para los sectores del acero y del aluminio. Lo que m\u00e1s le interesa al gobierno de Estados Unidos es disminuir lo que ellos llaman \u2018d\u00e9ficit con M\u00e9xico\u2019\u201d.<\/p>\n\n\n\n<p>Sheinbaum enfatiz\u00f3 que se acord\u00f3 mantener las reuniones entre los secretarios de Hacienda de M\u00e9xico, \u00c9dgar Amador Zamora, y del Tesoro de Estados Unidos, Scott Bessent, as\u00ed como entre el secretario de Econom\u00eda, Marcelo Ebrard, y el secretario de Comercio estadunidense, Howard Lutnick.<\/p>\n\n\n\n<p>(Informaci\u00f3n de \u201cLa Jornada\u201d)<\/p>\n","protected":false},"excerpt":{"rendered":"<p>Redacci\u00f3n\/Zona Roja Cdmx. Ciudad de M\u00e9xico, a 2 de mayo de 2025.- Despu\u00e9s de una&hellip;<\/p>\n","protected":false},"author":2,"featured_media":75790,"comment_status":"closed","ping_status":"open","sticky":false,"template":"","format":"standard","meta":{"_lmt_disableupdate":"","_lmt_disable":"","_jetpack_memberships_contains_paid_content":false,"footnotes":""},"categories":[109,46],"tags":[3370],"class_list":["post-79923","post","type-post","status-publish","format-standard","has-post-thumbnail","hentry","category-minuto-a-minuto","category-zona-blanca","tag-claudia-sheinbaum"],"jetpack_featured_media_url":"https:\/\/zonaroja.com.mx\/wp-content\/uploads\/2024\/12\/Claudia-Sheinbaum-y-Donald-Trump.jpg","jetpack_sharing_enabled":true,"_links":{"self":[{"href":"https:\/\/zonaroja.com.mx\/index.php?rest_route=\/wp\/v2\/posts\/79923","targetHints":{"allow":["GET"]}}],"collection":[{"href":"https:\/\/zonaroja.com.mx\/index.php?rest_route=\/wp\/v2\/posts"}],"about":[{"href":"https:\/\/zonaroja.com.mx\/index.php?rest_route=\/wp\/v2\/types\/post"}],"author":[{"embeddable":true,"href":"https:\/\/zonaroja.com.mx\/index.php?rest_route=\/wp\/v2\/users\/2"}],"replies":[{"embeddable":true,"href":"https:\/\/zonaroja.com.mx\/index.php?rest_route=%2Fwp%2Fv2%2Fcomments&post=79923"}],"version-history":[{"count":1,"href":"https:\/\/zonaroja.com.mx\/index.php?rest_route=\/wp\/v2\/posts\/79923\/revisions"}],"predecessor-version":[{"id":79924,"href":"https:\/\/zonaroja.com.mx\/index.php?rest_route=\/wp\/v2\/posts\/79923\/revisions\/79924"}],"wp:featuredmedia":[{"embeddable":true,"href":"https:\/\/zonaroja.com.mx\/index.php?rest_route=\/wp\/v2\/media\/75790"}],"wp:attachment":[{"href":"https:\/\/zonaroja.com.mx\/index.php?rest_route=%2Fwp%2Fv2%2Fmedia&parent=79923"}],"wp:term":[{"taxonomy":"category","embeddable":true,"href":"https:\/\/zonaroja.com.mx\/index.php?rest_route=%2Fwp%2Fv2%2Fcategories&post=79923"},{"taxonomy":"post_tag","embeddable":true,"href":"https:\/\/zonaroja.com.mx\/index.php?rest_route=%2Fwp%2Fv2%2Ftags&post=79923"}],"curies":[{"name":"wp","href":"https:\/\/api.w.org\/{rel}","templated":true}]}}