{"id":79925,"date":"2025-05-02T09:29:00","date_gmt":"2025-05-02T15:29:00","guid":{"rendered":"https:\/\/zonaroja.com.mx\/?p=79925"},"modified":"2025-05-02T08:32:44","modified_gmt":"2025-05-02T14:32:44","slug":"activistas-de-eloxochitlan-se-declaran-en-alerta-ante-nuevas-amenazas","status":"publish","type":"post","link":"https:\/\/zonaroja.com.mx\/?p=79925","title":{"rendered":"Activistas de Eloxochitl\u00e1n se declaran en alerta ante nuevas amenazas"},"content":{"rendered":"\n<p>Raymundo Morales\/Zona Roja.<\/p>\n\n\n\n<p>Oaxaca de Ju\u00e1rez, Oax., a 2 de mayo de 2025.- Mujeres activistas del municipio de Eloxochitl\u00e1n de Flores Mag\u00f3n se declararon en alerta m\u00e1xima, ante lo que consideraron el incremento del hostigamiento, la criminalizaci\u00f3n y el riesgo a la libertad de sus integrantes.&nbsp;<\/p>\n\n\n\n<p>Ayer en el z\u00f3calo de la capital, leyeron un comunicado en que denunciaron una serie de agresiones recientes, entre ellas intentos de detenci\u00f3n arbitraria, citaciones ilegales, amenazas judiciales y un atentado contra un fotoperiodista comunitario.<\/p>\n\n\n\n<p>Detallaron que entre los hechos m\u00e1s alarmantes se encuentra el intento de detenci\u00f3n del ind\u00edgena Francisco Dur\u00e1n Ortiz, el 31 de marzo, seguido por un intento de asesinato y robo de equipo contra el fotoperiodista David Peralta Betanzos el 3 de abril, mientras documentaba da\u00f1os ambientales en el r\u00edo \u201cXanga Nd\u00e1 Ge\u201d.&nbsp;<\/p>\n\n\n\n<p>\u201cLa comunidad se\u00f1ala como responsables directos al juez Constantino Santiago y al cacique local Manuel Zepeda Cort\u00e9s, as\u00ed como a su hija, la diputada morenista Elisa Zepeda Lagunas\u201d, expusieron.<\/p>\n\n\n\n<p>Acusaron que el juez Santiago intenta revivir 56 \u00f3rdenes de aprehensi\u00f3n por casos con m\u00e1s de ocho a\u00f1os de antig\u00fcedad, una medida que consideran parte de una estrategia para criminalizar a defensores del territorio y obstaculizar la organizaci\u00f3n comunitaria mazateca, especialmente despu\u00e9s de que la comunidad logr\u00f3 la liberaci\u00f3n de todos sus presos pol\u00edticos.<\/p>\n\n\n\n<p>Asimismo, subrayaron que 14 personas mazatecas permanecen en desplazamiento forzado por acusaciones que han sido desacreditadas en m\u00faltiples ocasiones, y que enfrentan un riesgo real de detenci\u00f3n arbitraria si el Poder Judicial de Oaxaca cede a las presiones pol\u00edticas.<\/p>\n\n\n\n<p>Demandaron al Estado mexicano y al gobierno de Oaxaca, justicia para David Peralta y castigo al agresor; libertad para el antrop\u00f3logo mazateco Miguel Peralta Betanzos; cese de la criminalizaci\u00f3n y retorno seguro de las personas desplazadas; intervenci\u00f3n urgente contra el cacicazgo de la familia Zepeda.<\/p>\n","protected":false},"excerpt":{"rendered":"<p>Raymundo Morales\/Zona Roja. Oaxaca de Ju\u00e1rez, Oax., a 2 de mayo de 2025.- Mujeres activistas&hellip;<\/p>\n","protected":false},"author":2,"featured_media":79926,"comment_status":"closed","ping_status":"open","sticky":false,"template":"","format":"standard","meta":{"_lmt_disableupdate":"","_lmt_disable":"","_jetpack_memberships_contains_paid_content":false,"footnotes":""},"categories":[109,47],"tags":[719],"class_list":["post-79925","post","type-post","status-publish","format-standard","has-post-thumbnail","hentry","category-minuto-a-minuto","category-zona-gris","tag-eloxochitlan-de-flores-magon"],"jetpack_featured_media_url":"https:\/\/zonaroja.com.mx\/wp-content\/uploads\/2025\/05\/Conferencia-activistas-Eloxochitlan-de-Flores.jpg","jetpack_sharing_enabled":true,"_links":{"self":[{"href":"https:\/\/zonaroja.com.mx\/index.php?rest_route=\/wp\/v2\/posts\/79925","targetHints":{"allow":["GET"]}}],"collection":[{"href":"https:\/\/zonaroja.com.mx\/index.php?rest_route=\/wp\/v2\/posts"}],"about":[{"href":"https:\/\/zonaroja.com.mx\/index.php?rest_route=\/wp\/v2\/types\/post"}],"author":[{"embeddable":true,"href":"https:\/\/zonaroja.com.mx\/index.php?rest_route=\/wp\/v2\/users\/2"}],"replies":[{"embeddable":true,"href":"https:\/\/zonaroja.com.mx\/index.php?rest_route=%2Fwp%2Fv2%2Fcomments&post=79925"}],"version-history":[{"count":1,"href":"https:\/\/zonaroja.com.mx\/index.php?rest_route=\/wp\/v2\/posts\/79925\/revisions"}],"predecessor-version":[{"id":79927,"href":"https:\/\/zonaroja.com.mx\/index.php?rest_route=\/wp\/v2\/posts\/79925\/revisions\/79927"}],"wp:featuredmedia":[{"embeddable":true,"href":"https:\/\/zonaroja.com.mx\/index.php?rest_route=\/wp\/v2\/media\/79926"}],"wp:attachment":[{"href":"https:\/\/zonaroja.com.mx\/index.php?rest_route=%2Fwp%2Fv2%2Fmedia&parent=79925"}],"wp:term":[{"taxonomy":"category","embeddable":true,"href":"https:\/\/zonaroja.com.mx\/index.php?rest_route=%2Fwp%2Fv2%2Fcategories&post=79925"},{"taxonomy":"post_tag","embeddable":true,"href":"https:\/\/zonaroja.com.mx\/index.php?rest_route=%2Fwp%2Fv2%2Ftags&post=79925"}],"curies":[{"name":"wp","href":"https:\/\/api.w.org\/{rel}","templated":true}]}}