{"id":79937,"date":"2025-05-02T18:56:18","date_gmt":"2025-05-03T00:56:18","guid":{"rendered":"https:\/\/zonaroja.com.mx\/?p=79937"},"modified":"2025-05-02T18:56:19","modified_gmt":"2025-05-03T00:56:19","slug":"sobrevivio-al-ataque-aereo-del-cjng-10-anos-despues-lo-ejecutan","status":"publish","type":"post","link":"https:\/\/zonaroja.com.mx\/?p=79937","title":{"rendered":"Sobrevivi\u00f3 al ataque a\u00e9reo del CJNG; 10 a\u00f1os despu\u00e9s lo ejecutan"},"content":{"rendered":"\n<p>Redacci\u00f3n\/Zona Roja Cdmx.<\/p>\n\n\n\n<p>Ciudad de M\u00e9xico, a 2 de mayo de 2025.- La \u00abOperaci\u00f3n Jalisco\u00bb ha sido uno de los combates m\u00e1s intensos que ha sufrido el Gobierno de M\u00e9xico en su lucha contra el narcotr\u00e1fico.&nbsp;<\/p>\n\n\n\n<p>Aquella madrugada del 1 de mayo de 2015, el helic\u00f3ptero Cougar fue atacado en Villa Purificaci\u00f3n, Jalisco, donde el Ej\u00e9rcito Mexicano ten\u00eda por objetivo la captura de Nemesio Oseguera Cervantes, \u201cEl Mencho\u201d, l\u00edder del Cartel Jalisco Nueva Generaci\u00f3n (CJNG).&nbsp;<\/p>\n\n\n\n<p>Sin embargo, un ataque con armamento militar de alto calibre derrib\u00f3 la aeronave donde viajaba Iv\u00e1n Morales Corrales, y quien de manera milagrosa sobrevivi\u00f3.<\/p>\n\n\n\n<p>A 10 a\u00f1os de este suceso, Iv\u00e1n Morales Corrales no pudo sobrevivir a otro ataque por parte de los grupos criminales y este 30 de abril de 2025 fue asesinado en Temixco, Morelos.<\/p>\n\n\n\n<p>Iv\u00e1n Morales era integrante de la Divisi\u00f3n de Inteligencia de la Polic\u00eda Federal, creada bajo la administraci\u00f3n del mandatario Felipe Calder\u00f3n y se uni\u00f3 a sus filas en 2010.&nbsp;<\/p>\n\n\n\n<p>A pesar de su poca experiencia, formaba parte de las operaciones contra el narcotr\u00e1fico. Gracias a su compromiso con el cuerpo policiaco, en 2015 fue asignado a la llamada \u00abOperaci\u00f3n Jalisco\u00bb.&nbsp;<\/p>\n\n\n\n<p>Desconoc\u00eda el objetivo final de la misi\u00f3n. \u00abNo llev\u00e1bamos comunicaci\u00f3n para evitar filtraciones\u00bb, declar\u00f3 posteriormente en entrevista.<\/p>\n\n\n\n<p>Bajo la administraci\u00f3n del presidente Enrique Pe\u00f1a Nieto, el destacado suboficial de la Polic\u00eda Federal acept\u00f3 la misi\u00f3n, donde su esposa estaba por dar a luz a su primog\u00e9nito.<\/p>\n\n\n\n<p>\u00abPens\u00e9 en quedarme, pero ten\u00eda una raz\u00f3n para vivir\u201d, dijo, refiri\u00e9ndose a su futuro hijo. Sin embargo, tras los tr\u00e1gicos acontecimientos, Iv\u00e1n se cas\u00f3 en la sala de terapia intensiva, donde fue dado de alta hasta octubre de ese mismo a\u00f1o. Un mes despu\u00e9s naci\u00f3 su hijo.<\/p>\n\n\n\n<p>Tras haberse sometido a 15 operaciones y despu\u00e9s de una larga recuperaci\u00f3n f\u00edsica, el 16 de diciembre de 2015, en el aniversario de la Polic\u00eda Federal, el entonces presidente Enrique Pe\u00f1a Nieto le entreg\u00f3 a Iv\u00e1n Morales Corrales el M\u00e9rito Policial de Primera Clase. El auditorio lo ovacion\u00f3 de pie durante casi un minuto.<\/p>\n\n\n\n<p>En 2018, recibi\u00f3 las escrituras de una vivienda otorgada a trav\u00e9s del FOVISSSTE como parte de un programa de apoyo a elementos destacados. Morales, con cicatrices visibles, se convirti\u00f3 en s\u00edmbolo de resistencia dentro y fuera de las instituciones.<\/p>\n\n\n\n<p>En noviembre de 2023, un testigo an\u00f3nimo, cuya historia coincide punto por punto con la de Iv\u00e1n Morales, ofreci\u00f3 un testimonio clave en el juicio de Rub\u00e9n Oseguera Gonz\u00e1lez, alias \u00abEl Menchito\u00bb, hijo de \u201cEl Mencho\u201d, en Estados Unidos.<\/p>\n\n\n\n<p>La narrativa inclu\u00eda a un agente con el rostro desfigurado por quemaduras, que escap\u00f3 de un helic\u00f3ptero en llamas y sobrevivi\u00f3 bajo fuego enemigo. El testimonio ayud\u00f3 a obtener la cadena perpetua para \u201cEl Menchito\u201d, acusado de ordenar el derribo del helic\u00f3ptero en 2015.<\/p>\n\n\n\n<p>(Informaci\u00f3n del peri\u00f3dico Marca\u201d).<\/p>\n","protected":false},"excerpt":{"rendered":"<p>Redacci\u00f3n\/Zona Roja Cdmx. Ciudad de M\u00e9xico, a 2 de mayo de 2025.- La \u00abOperaci\u00f3n Jalisco\u00bb&hellip;<\/p>\n","protected":false},"author":2,"featured_media":79938,"comment_status":"closed","ping_status":"open","sticky":false,"template":"","format":"standard","meta":{"_lmt_disableupdate":"","_lmt_disable":"","_jetpack_memberships_contains_paid_content":false,"footnotes":""},"categories":[109,47],"tags":[4293],"class_list":["post-79937","post","type-post","status-publish","format-standard","has-post-thumbnail","hentry","category-minuto-a-minuto","category-zona-gris","tag-ivan-morales-corrales"],"jetpack_featured_media_url":"https:\/\/zonaroja.com.mx\/wp-content\/uploads\/2025\/05\/Ivan-Morales-Corrales.jpg","jetpack_sharing_enabled":true,"_links":{"self":[{"href":"https:\/\/zonaroja.com.mx\/index.php?rest_route=\/wp\/v2\/posts\/79937","targetHints":{"allow":["GET"]}}],"collection":[{"href":"https:\/\/zonaroja.com.mx\/index.php?rest_route=\/wp\/v2\/posts"}],"about":[{"href":"https:\/\/zonaroja.com.mx\/index.php?rest_route=\/wp\/v2\/types\/post"}],"author":[{"embeddable":true,"href":"https:\/\/zonaroja.com.mx\/index.php?rest_route=\/wp\/v2\/users\/2"}],"replies":[{"embeddable":true,"href":"https:\/\/zonaroja.com.mx\/index.php?rest_route=%2Fwp%2Fv2%2Fcomments&post=79937"}],"version-history":[{"count":1,"href":"https:\/\/zonaroja.com.mx\/index.php?rest_route=\/wp\/v2\/posts\/79937\/revisions"}],"predecessor-version":[{"id":79939,"href":"https:\/\/zonaroja.com.mx\/index.php?rest_route=\/wp\/v2\/posts\/79937\/revisions\/79939"}],"wp:featuredmedia":[{"embeddable":true,"href":"https:\/\/zonaroja.com.mx\/index.php?rest_route=\/wp\/v2\/media\/79938"}],"wp:attachment":[{"href":"https:\/\/zonaroja.com.mx\/index.php?rest_route=%2Fwp%2Fv2%2Fmedia&parent=79937"}],"wp:term":[{"taxonomy":"category","embeddable":true,"href":"https:\/\/zonaroja.com.mx\/index.php?rest_route=%2Fwp%2Fv2%2Fcategories&post=79937"},{"taxonomy":"post_tag","embeddable":true,"href":"https:\/\/zonaroja.com.mx\/index.php?rest_route=%2Fwp%2Fv2%2Ftags&post=79937"}],"curies":[{"name":"wp","href":"https:\/\/api.w.org\/{rel}","templated":true}]}}