{"id":79942,"date":"2025-05-03T07:45:00","date_gmt":"2025-05-03T13:45:00","guid":{"rendered":"https:\/\/zonaroja.com.mx\/?p=79942"},"modified":"2025-05-03T07:09:15","modified_gmt":"2025-05-03T13:09:15","slug":"ejecutan-a-un-individuo-en-juchitan-y-a-otro-en-salina-cruz","status":"publish","type":"post","link":"https:\/\/zonaroja.com.mx\/?p=79942","title":{"rendered":"Ejecutan a un individuo en Juchit\u00e1n y a otro en Salina Cruz\u00a0"},"content":{"rendered":"\n<p>Ismael Garc\u00eda M.\/Zona Roja. Foto: captura de pantalla.<\/p>\n\n\n\n<p>Oaxaca de Ju\u00e1rez, Oax., a 3 de mayo de 2025.- Dos personas fueron ejecutadas a balazos anoche en municipios de la regi\u00f3n del Istmo de Tehuantepec.<\/p>\n\n\n\n<p>Anoche, cerca de las 23:00 horas, tras una persecuci\u00f3n sobre la carretera federal, un individuo fue ultimado a balazos en Juchit\u00e1n de Zaragoza.<\/p>\n\n\n\n<p>La v\u00edctima conduc\u00eda su veh\u00edculo marca Volkswagen, con el que hu\u00eda de sujetos armados, pero le dieron alcance a la altura de la colonia Gustavo Pineda de la Cruz, donde lo acribillaron.<\/p>\n\n\n\n<p>La unidad de motor termin\u00f3 en un canal de agua; param\u00e9dicos arribaron a la zona para atender a la v\u00edctima identificada como Alexis Antonio \u201cN\u201d, de 26 a\u00f1os de edad, pero corroboraron que ya no contaba con signos vitales.<\/p>\n\n\n\n<p>EN SALINA CRUZ<\/p>\n\n\n\n<p>Por otra parte, alrededor de las 20:00 horas, un individuo fue ejecutado a balazos en el bar \u201cLos Almendros\u201d, ubicado en el barrio Cantarranas del municipio de Salina Cruz.<\/p>\n\n\n\n<p>Individuos provistos de arma de fuego ingresaron al establecimiento y dispararon de manera directa en contra de la persona, hasta ahora no identificada, tras lo cual huyeron.<\/p>\n\n\n\n<p>Personal param\u00e9dico de la Comisi\u00f3n Nacional de Emergencias arrib\u00f3 al sitio para brindar los primeros auxilios, pero el individuo ya no contaba con signos vitales.<\/p>\n\n\n\n<p>En ambos casos, la Vicefiscal\u00eda Regional del Istmo, de la Fiscal\u00eda General del Estado de Oaxaca, abri\u00f3 las carpetas de investigaci\u00f3n correspondientes.<\/p>\n","protected":false},"excerpt":{"rendered":"<p>Ismael Garc\u00eda M.\/Zona Roja. Foto: captura de pantalla. Oaxaca de Ju\u00e1rez, Oax., a 3 de&hellip;<\/p>\n","protected":false},"author":2,"featured_media":79943,"comment_status":"closed","ping_status":"open","sticky":false,"template":"","format":"standard","meta":{"_lmt_disableupdate":"","_lmt_disable":"","_jetpack_memberships_contains_paid_content":false,"footnotes":""},"categories":[109,51],"tags":[4053,297],"class_list":["post-79942","post","type-post","status-publish","format-standard","has-post-thumbnail","hentry","category-minuto-a-minuto","category-zona-roja","tag-asesinato-salina-cruz","tag-ejecutado-juchitan"],"jetpack_featured_media_url":"https:\/\/zonaroja.com.mx\/wp-content\/uploads\/2025\/05\/Captura-de-pantalla-2025-05-03-a-las-5.54.51.jpg","jetpack_sharing_enabled":true,"_links":{"self":[{"href":"https:\/\/zonaroja.com.mx\/index.php?rest_route=\/wp\/v2\/posts\/79942","targetHints":{"allow":["GET"]}}],"collection":[{"href":"https:\/\/zonaroja.com.mx\/index.php?rest_route=\/wp\/v2\/posts"}],"about":[{"href":"https:\/\/zonaroja.com.mx\/index.php?rest_route=\/wp\/v2\/types\/post"}],"author":[{"embeddable":true,"href":"https:\/\/zonaroja.com.mx\/index.php?rest_route=\/wp\/v2\/users\/2"}],"replies":[{"embeddable":true,"href":"https:\/\/zonaroja.com.mx\/index.php?rest_route=%2Fwp%2Fv2%2Fcomments&post=79942"}],"version-history":[{"count":1,"href":"https:\/\/zonaroja.com.mx\/index.php?rest_route=\/wp\/v2\/posts\/79942\/revisions"}],"predecessor-version":[{"id":79944,"href":"https:\/\/zonaroja.com.mx\/index.php?rest_route=\/wp\/v2\/posts\/79942\/revisions\/79944"}],"wp:featuredmedia":[{"embeddable":true,"href":"https:\/\/zonaroja.com.mx\/index.php?rest_route=\/wp\/v2\/media\/79943"}],"wp:attachment":[{"href":"https:\/\/zonaroja.com.mx\/index.php?rest_route=%2Fwp%2Fv2%2Fmedia&parent=79942"}],"wp:term":[{"taxonomy":"category","embeddable":true,"href":"https:\/\/zonaroja.com.mx\/index.php?rest_route=%2Fwp%2Fv2%2Fcategories&post=79942"},{"taxonomy":"post_tag","embeddable":true,"href":"https:\/\/zonaroja.com.mx\/index.php?rest_route=%2Fwp%2Fv2%2Ftags&post=79942"}],"curies":[{"name":"wp","href":"https:\/\/api.w.org\/{rel}","templated":true}]}}