{"id":79950,"date":"2025-05-03T10:27:00","date_gmt":"2025-05-03T16:27:00","guid":{"rendered":"https:\/\/zonaroja.com.mx\/?p=79950"},"modified":"2025-05-03T07:28:07","modified_gmt":"2025-05-03T13:28:07","slug":"mexico-sigue-siendo-el-pais-sin-guerra-mas-peligroso-para-periodistas","status":"publish","type":"post","link":"https:\/\/zonaroja.com.mx\/?p=79950","title":{"rendered":"M\u00e9xico sigue siendo el pa\u00eds sin guerra m\u00e1s peligroso para periodistas"},"content":{"rendered":"\n<p>Redacci\u00f3n\/Zona Roja Cdmx.<\/p>\n\n\n\n<p>Ciudad de M\u00e9xico, a 3 de mayo de 2025.- M\u00e9xico se mantiene como el pa\u00eds sin guerra m\u00e1s peligroso para ejercer el periodismo en Am\u00e9rica Latina, debido, principalmente, a la \u201ccreciente fragilidad de su ecosistema medi\u00e1tico\u201d, seg\u00fan el informe anual de Reporteros Sin Fronteras (RSF).<\/p>\n\n\n\n<p>El pa\u00eds, donde seg\u00fan la organizaci\u00f3n, desde 2019 se han asesinado a 37 periodistas, se ubic\u00f3 en el lugar 124 de 180 pa\u00edses y territorios en la Clasificaci\u00f3n Mundial de la Libertad de Prensa, con lo que perdi\u00f3 tres lugar respecto a la lista de 2024 en la que se ubic\u00f3 en el escalaf\u00f3n 121.<\/p>\n\n\n\n<p>Adem\u00e1s, M\u00e9xico registra la cuarta mayor ca\u00edda del indicador econ\u00f3mico en Latinoam\u00e9rica, se\u00f1al\u00f3 el documento.<\/p>\n\n\n\n<p>Desde hace a\u00f1os, el pa\u00eds figura entre los pa\u00edses con m\u00e1s informadores asesinados en el mundo.<\/p>\n\n\n\n<p>RSF ha advertido que en los \u00faltimos a\u00f1os la colusi\u00f3n entre autoridades y el crimen organizado se ha convertido en una \u201cgrave amenaza\u201d contra los periodistas.<\/p>\n\n\n\n<p>Adem\u00e1s de que los comunicadores que cubren temas sensibles sobre pol\u00edtica o relacionados al crimen, especialmente a nivel local, padecen advertencias y amenazas, y en algunas ocasiones terminan asesinados, secuestrados o exiliados en el extranjero.<\/p>\n\n\n\n<p>Durante el gobierno del presidente Andr\u00e9s Manuel L\u00f3pez Obrador (2018-2024), RSF advirti\u00f3 sobre una ret\u00f3rica \u201cviolenta\u201d y \u201cestigmatizante\u201d contra los periodistas, especialmente a trav\u00e9s de la secci\u00f3n \u2018\u00bfQui\u00e9n es qui\u00e9n en las mentiras de la semana?\u2019 durante las conferencias presidenciales.<\/p>\n\n\n\n<p>Si bien, la actual presidenta de M\u00e9xico, Claudia Sheinbaum, firm\u00f3 en 2024, todav\u00eda como candidata presidencial, el compromiso en defensa de la libertad de prensa con RSF, durante sus conferencias matutinas tambi\u00e9n cuenta con el espacio \u2018Detector de mentiras\u2019, seg\u00fan ella, con el objetivo de desmontar, con datos y evidencia verificable, rumores e informaci\u00f3n publicada en medios.<\/p>\n\n\n\n<p>Seg\u00fan el recuento de RSF, desde el a\u00f1o 2000 y hasta el 2024, cerca de 150 periodistas han sido asesinados y 28 han desaparecido en M\u00e9xico.<\/p>\n\n\n\n<p>(Con informaci\u00f3n de EFE, en L\u00f3pez-D\u00f3riga Digital)<\/p>\n","protected":false},"excerpt":{"rendered":"<p>Redacci\u00f3n\/Zona Roja Cdmx. Ciudad de M\u00e9xico, a 3 de mayo de 2025.- M\u00e9xico se mantiene&hellip;<\/p>\n","protected":false},"author":2,"featured_media":70673,"comment_status":"closed","ping_status":"open","sticky":false,"template":"","format":"standard","meta":{"_lmt_disableupdate":"","_lmt_disable":"","_jetpack_memberships_contains_paid_content":false,"footnotes":""},"categories":[109,47],"tags":[3531],"class_list":["post-79950","post","type-post","status-publish","format-standard","has-post-thumbnail","hentry","category-minuto-a-minuto","category-zona-gris","tag-dia-mundial-de-la-liberrtad-de-prensa"],"jetpack_featured_media_url":"https:\/\/zonaroja.com.mx\/wp-content\/uploads\/2024\/07\/Periodismo-periodistas-agresiones-prensa.jpeg","jetpack_sharing_enabled":true,"_links":{"self":[{"href":"https:\/\/zonaroja.com.mx\/index.php?rest_route=\/wp\/v2\/posts\/79950","targetHints":{"allow":["GET"]}}],"collection":[{"href":"https:\/\/zonaroja.com.mx\/index.php?rest_route=\/wp\/v2\/posts"}],"about":[{"href":"https:\/\/zonaroja.com.mx\/index.php?rest_route=\/wp\/v2\/types\/post"}],"author":[{"embeddable":true,"href":"https:\/\/zonaroja.com.mx\/index.php?rest_route=\/wp\/v2\/users\/2"}],"replies":[{"embeddable":true,"href":"https:\/\/zonaroja.com.mx\/index.php?rest_route=%2Fwp%2Fv2%2Fcomments&post=79950"}],"version-history":[{"count":1,"href":"https:\/\/zonaroja.com.mx\/index.php?rest_route=\/wp\/v2\/posts\/79950\/revisions"}],"predecessor-version":[{"id":79951,"href":"https:\/\/zonaroja.com.mx\/index.php?rest_route=\/wp\/v2\/posts\/79950\/revisions\/79951"}],"wp:featuredmedia":[{"embeddable":true,"href":"https:\/\/zonaroja.com.mx\/index.php?rest_route=\/wp\/v2\/media\/70673"}],"wp:attachment":[{"href":"https:\/\/zonaroja.com.mx\/index.php?rest_route=%2Fwp%2Fv2%2Fmedia&parent=79950"}],"wp:term":[{"taxonomy":"category","embeddable":true,"href":"https:\/\/zonaroja.com.mx\/index.php?rest_route=%2Fwp%2Fv2%2Fcategories&post=79950"},{"taxonomy":"post_tag","embeddable":true,"href":"https:\/\/zonaroja.com.mx\/index.php?rest_route=%2Fwp%2Fv2%2Ftags&post=79950"}],"curies":[{"name":"wp","href":"https:\/\/api.w.org\/{rel}","templated":true}]}}