{"id":79955,"date":"2025-05-03T12:32:00","date_gmt":"2025-05-03T18:32:00","guid":{"rendered":"https:\/\/zonaroja.com.mx\/?p=79955"},"modified":"2025-05-03T07:33:20","modified_gmt":"2025-05-03T13:33:20","slug":"propone-senador-informe-sobre-masacres-en-sexenio-de-zedillo","status":"publish","type":"post","link":"https:\/\/zonaroja.com.mx\/?p=79955","title":{"rendered":"Propone senador informe sobre masacres en sexenio de Zedillo"},"content":{"rendered":"\n<p>Redacci\u00f3n\/Zona Roja Cdmx.<\/p>\n\n\n\n<p>Ciudad de M\u00e9xico, a 3 de mayo de 2025.- En el marco del 30 aniversario de la masacre de Aguas Blancas, el senador Antonino Morales propuso que la Comisi\u00f3n Permanente solicite a la Fiscal\u00eda General de la Rep\u00fablica (FGR) un informe sobre el cumplimiento de las sentencias de ese caso y las de Acteal, pues persisten las dudas sobre la investigaci\u00f3n y la sanci\u00f3n de todos los involucrados, y la imprescriptibilidad de los delitos de lesa humanidad abre la puerta a reabrir los archivos.<\/p>\n\n\n\n<p>El integrante de la Comisi\u00f3n de Derechos Humanos del Senado expuso que este informe tambi\u00e9n debe esclarecer la responsabilidad de Ernesto Zedillo Ponce de Le\u00f3n, titular del Ejecutivo federal de 1994 a 2000 y mando superior de quien dirigi\u00f3 la entonces Procuradur\u00eda General de la Rep\u00fablica, en la alteraci\u00f3n de los resultados de la investigaci\u00f3n del caso Aguas Blancas.<\/p>\n\n\n\n<p>Sobre dicho evento ocurrido en 1995, donde fueron emboscados 17 campesinos de la Organizaci\u00f3n Campesina de la Sierra del Sur y se acredit\u00f3 al menos una ejecuci\u00f3n sumaria, apenas en junio del a\u00f1o pasado la CNDH estableci\u00f3 que \u201chasta fecha (sic), s\u00f3lo est\u00e1n detenidos por este crimen algunos polic\u00edas y mandos medios\u201d.<\/p>\n\n\n\n<p>Al citar el \u201cCalendario c\u00edvico escolar y algunas fechas olvidadas\u201d, la CNDH dice que la justicia no ha alcanzado a quienes dieron las ordenes desde el gobierno, porque el entonces gobernador de Guerrero, Rub\u00e9n Figueroa era compadre del presidente Ernesto Zedillo, de quien se presume que lo encubri\u00f3.<\/p>\n\n\n\n<p>En ese sentido el senador mencion\u00f3 que los pobladores de Aguas Blancas mantienen sus exigencias de justicia para los asesinatos de dirigentes por cuestiones pol\u00edticas.<\/p>\n\n\n\n<p>Por lo que toca a la masacre de Acteal, el legislador oaxaque\u00f1o record\u00f3 que en 2009 la Oficina del Alto Comisionado de la ONU para los Derechos Humanos (ONU-DH) concluy\u00f3 que no hubo una adecuada investigaci\u00f3n del caso por parte del gobierno de la Rep\u00fablica, que encabezaba Zedillo, y el fallo de la Suprema Corte de Justicia de la Naci\u00f3n (SCJN) permiti\u00f3 la liberaci\u00f3n de veinte de los sentenciados.<\/p>\n\n\n\n<p>El entonces representante en M\u00e9xico de la Alta Comisionada de ONU-DH, Alberto Brunori, recomend\u00f3 una investigaci\u00f3n minuciosa, independiente e imparcial para esclarecer la muerte de 45 ind\u00edgenas en 1997 en Acteal, Chiapas, al gobierno de Felipe Calder\u00f3n, pero no se atendi\u00f3.<\/p>\n\n\n\n<p>\u201cLa masacre de Acteal en 1997 fue calificada tambi\u00e9n por la Comisi\u00f3n Nacional de Derechos Humanos (CNDH) de entonces, como una grave violaci\u00f3n a los derechos humanos por parte del Estado mexicano y hoy en d\u00eda las familias siguen pidiendo se resarzan sus demandas. Hubo claramente un crimen de lesa humanidad que no puede prescribir\u201d, anot\u00f3.<\/p>\n\n\n\n<p>\u201cPor ello es importante que acompa\u00f1emos no solo la intenci\u00f3n de la presidenta Claudia Sheinbaum de que estos hechos hist\u00f3ricos no mueran en la memoria colectiva y los j\u00f3venes sepan qu\u00e9 sucedi\u00f3 en los gobiernos de la derecha, sino que tambi\u00e9n se haga justicia en caso de que sigan libres los asesinos y autores intelectuales de estas masacres\u201d, puntualiz\u00f3 el senador Morales Toledo.<\/p>\n","protected":false},"excerpt":{"rendered":"<p>Redacci\u00f3n\/Zona Roja Cdmx. Ciudad de M\u00e9xico, a 3 de mayo de 2025.- En el marco&hellip;<\/p>\n","protected":false},"author":2,"featured_media":73131,"comment_status":"closed","ping_status":"open","sticky":false,"template":"","format":"standard","meta":{"_lmt_disableupdate":"","_lmt_disable":"","_jetpack_memberships_contains_paid_content":false,"footnotes":""},"categories":[109,46],"tags":[180],"class_list":["post-79955","post","type-post","status-publish","format-standard","has-post-thumbnail","hentry","category-minuto-a-minuto","category-zona-blanca","tag-antonino-morales-toledo"],"jetpack_featured_media_url":"https:\/\/zonaroja.com.mx\/wp-content\/uploads\/2024\/10\/Antonino-Morales-Toledo.jpeg","jetpack_sharing_enabled":true,"_links":{"self":[{"href":"https:\/\/zonaroja.com.mx\/index.php?rest_route=\/wp\/v2\/posts\/79955","targetHints":{"allow":["GET"]}}],"collection":[{"href":"https:\/\/zonaroja.com.mx\/index.php?rest_route=\/wp\/v2\/posts"}],"about":[{"href":"https:\/\/zonaroja.com.mx\/index.php?rest_route=\/wp\/v2\/types\/post"}],"author":[{"embeddable":true,"href":"https:\/\/zonaroja.com.mx\/index.php?rest_route=\/wp\/v2\/users\/2"}],"replies":[{"embeddable":true,"href":"https:\/\/zonaroja.com.mx\/index.php?rest_route=%2Fwp%2Fv2%2Fcomments&post=79955"}],"version-history":[{"count":1,"href":"https:\/\/zonaroja.com.mx\/index.php?rest_route=\/wp\/v2\/posts\/79955\/revisions"}],"predecessor-version":[{"id":79956,"href":"https:\/\/zonaroja.com.mx\/index.php?rest_route=\/wp\/v2\/posts\/79955\/revisions\/79956"}],"wp:featuredmedia":[{"embeddable":true,"href":"https:\/\/zonaroja.com.mx\/index.php?rest_route=\/wp\/v2\/media\/73131"}],"wp:attachment":[{"href":"https:\/\/zonaroja.com.mx\/index.php?rest_route=%2Fwp%2Fv2%2Fmedia&parent=79955"}],"wp:term":[{"taxonomy":"category","embeddable":true,"href":"https:\/\/zonaroja.com.mx\/index.php?rest_route=%2Fwp%2Fv2%2Fcategories&post=79955"},{"taxonomy":"post_tag","embeddable":true,"href":"https:\/\/zonaroja.com.mx\/index.php?rest_route=%2Fwp%2Fv2%2Ftags&post=79955"}],"curies":[{"name":"wp","href":"https:\/\/api.w.org\/{rel}","templated":true}]}}