{"id":79959,"date":"2025-05-03T13:40:00","date_gmt":"2025-05-03T19:40:00","guid":{"rendered":"https:\/\/zonaroja.com.mx\/?p=79959"},"modified":"2025-05-03T07:43:06","modified_gmt":"2025-05-03T13:43:06","slug":"declaran-el-1-de-julio-como-dia-de-las-personas-pueblos-y-comunidades-indigenas","status":"publish","type":"post","link":"https:\/\/zonaroja.com.mx\/?p=79959","title":{"rendered":"Declaran el 1 de julio como D\u00eda de las Personas, Pueblos y Comunidades Ind\u00edgenas"},"content":{"rendered":"\n<p>Redacci\u00f3n\/Zona Roja.<\/p>\n\n\n\n<p>San Raymundo Jalpan, Oax., a 02 de mayo de 2025.- La Sexag\u00e9sima Sexta Legislatura Constitucional del Estado declar\u00f3 el 1 de julio de cada a\u00f1o como el D\u00eda de las Personas, Pueblos y Comunidades Ind\u00edgenas y Afromexicanas de Oaxaca.<\/p>\n\n\n\n<p>Lo anterior con la finalidad de promover desde una perspectiva intercultural un mayor reconocimiento, respeto a la diversidad, legado cultural y las extraordinarias contribuciones de esta poblaci\u00f3n al desarrollo de la entidad.<\/p>\n\n\n\n<p>Con la instauraci\u00f3n de esta fecha conmemorativa en el calendario se marcar\u00e1 el inicio de las festividades oaxaque\u00f1as del mes de julio, en el marco de las fiestas de la Guelaguetza, la m\u00e1xima expresi\u00f3n cultural de las y los oaxaque\u00f1os.<\/p>\n\n\n\n<p>De acuerdo con el dictamen emitido por la Comisi\u00f3n Permanente de Culturas y Artes, la Secretar\u00eda de Cultura federal, el Titular del Poder Ejecutivo Estatal, las secretar\u00edas de las Culturas y Artes (Seculta); Interculturalidad, Pueblos y Comunidades Ind\u00edgenas y Afromexicanas; Turismo; Educaci\u00f3n P\u00fablica (SEP); y los municipios, deber\u00e1n tambi\u00e9n promover el respeto a los derechos humanos, las libertades fundamentales y la dignidad humana de las personas ind\u00edgenas y afromexicanas.<\/p>\n\n\n\n<p>Los diputados promoventes de esta iniciativa, Raynel Ram\u00edrez Mijangos del Grupo Parlamentario de Morena e Isa\u00edas Carranza Secundino de partido pol\u00edtico Fuerza por Oaxaca, se\u00f1alaron que esta declaratoria tiene por objeto reparar la deuda hist\u00f3rica que se tiene con la poblaci\u00f3n ind\u00edgena y afromexicana, quienes hist\u00f3ricamente han sido discriminados y olvidados.<\/p>\n\n\n\n<p>\u201cLa discriminaci\u00f3n y exclusi\u00f3n de los pueblos ind\u00edgenas y afromexicanos tiene su origen en el desconocimiento y escaso reconocimiento a sus garant\u00edas fundamentales, lo que provoca que se encuentren en desventaja del resto de la poblaci\u00f3n\u201d, se refiere en el documento dictaminado.<\/p>\n\n\n\n<p>Adem\u00e1s, se hace hincapi\u00e9 en que las Declaratorias de D\u00edas, se han venido desarrollando por la Organizaci\u00f3n de las Naciones Unidas (ONU), para visibilizar mundialmente un acontecimiento importante en la historia de la humanidad y con la finalidad de generar conciencia entre las personas sobre la promoci\u00f3n y protecci\u00f3n de sus derechos, as\u00ed como, asegurar en las nuevas generaciones un legado hist\u00f3rico de corte humanista, con justicia, bien com\u00fan y paz.<\/p>\n\n\n\n<p>Y lo anterior cobra relevancia, ya que Oaxaca es una entidad multi\u00e9tnica, pluricultural y multiling\u00fce, con una amplia presencia y diversidad de personas, pueblos y comunidades que lo integran, como es el caso de los 16 pueblos ind\u00edgenas (Zapotecos, Mixtecos, Mazatecos, Chinantecos, Mixes, Chatinos, Triquis, Huaves, Cuicatecos, Zoques, Chontales, Amuzgos, Chocholtecos, Ixcatecos, Nahuas, Tacuates) y el pueblo Afromexicano, cuyas expresiones y saberes ancestrales reflejan la riqueza y pluralidad que distingue a las ocho regiones.<\/p>\n","protected":false},"excerpt":{"rendered":"<p>Redacci\u00f3n\/Zona Roja. San Raymundo Jalpan, Oax., a 02 de mayo de 2025.- La Sexag\u00e9sima Sexta&hellip;<\/p>\n","protected":false},"author":2,"featured_media":77229,"comment_status":"closed","ping_status":"open","sticky":false,"template":"","format":"standard","meta":{"_lmt_disableupdate":"","_lmt_disable":"","_jetpack_memberships_contains_paid_content":false,"footnotes":""},"categories":[109,47],"tags":[303],"class_list":["post-79959","post","type-post","status-publish","format-standard","has-post-thumbnail","hentry","category-minuto-a-minuto","category-zona-gris","tag-congreso-del-estado-de-oaxaca"],"jetpack_featured_media_url":"https:\/\/zonaroja.com.mx\/wp-content\/uploads\/2025\/02\/Aprobacion-del-Codigo-de-Etica-Congreso-Oax-2.jpeg","jetpack_sharing_enabled":true,"_links":{"self":[{"href":"https:\/\/zonaroja.com.mx\/index.php?rest_route=\/wp\/v2\/posts\/79959","targetHints":{"allow":["GET"]}}],"collection":[{"href":"https:\/\/zonaroja.com.mx\/index.php?rest_route=\/wp\/v2\/posts"}],"about":[{"href":"https:\/\/zonaroja.com.mx\/index.php?rest_route=\/wp\/v2\/types\/post"}],"author":[{"embeddable":true,"href":"https:\/\/zonaroja.com.mx\/index.php?rest_route=\/wp\/v2\/users\/2"}],"replies":[{"embeddable":true,"href":"https:\/\/zonaroja.com.mx\/index.php?rest_route=%2Fwp%2Fv2%2Fcomments&post=79959"}],"version-history":[{"count":1,"href":"https:\/\/zonaroja.com.mx\/index.php?rest_route=\/wp\/v2\/posts\/79959\/revisions"}],"predecessor-version":[{"id":79960,"href":"https:\/\/zonaroja.com.mx\/index.php?rest_route=\/wp\/v2\/posts\/79959\/revisions\/79960"}],"wp:featuredmedia":[{"embeddable":true,"href":"https:\/\/zonaroja.com.mx\/index.php?rest_route=\/wp\/v2\/media\/77229"}],"wp:attachment":[{"href":"https:\/\/zonaroja.com.mx\/index.php?rest_route=%2Fwp%2Fv2%2Fmedia&parent=79959"}],"wp:term":[{"taxonomy":"category","embeddable":true,"href":"https:\/\/zonaroja.com.mx\/index.php?rest_route=%2Fwp%2Fv2%2Fcategories&post=79959"},{"taxonomy":"post_tag","embeddable":true,"href":"https:\/\/zonaroja.com.mx\/index.php?rest_route=%2Fwp%2Fv2%2Ftags&post=79959"}],"curies":[{"name":"wp","href":"https:\/\/api.w.org\/{rel}","templated":true}]}}