{"id":79967,"date":"2025-05-04T07:45:00","date_gmt":"2025-05-04T13:45:00","guid":{"rendered":"https:\/\/zonaroja.com.mx\/?p=79967"},"modified":"2025-05-04T07:10:19","modified_gmt":"2025-05-04T13:10:19","slug":"intensas-lluvias-en-oaxaca-cierran-de-nuevo-la-carretera-a-tuxtepec","status":"publish","type":"post","link":"https:\/\/zonaroja.com.mx\/?p=79967","title":{"rendered":"Intensas lluvias en Oaxaca cierran de nuevo la carretera a Tuxtepec"},"content":{"rendered":"\n<p>Raymundo Morales\/Zona Roja.<\/p>\n\n\n\n<p>Oaxaca de Ju\u00e1rez, Oax., a 4 de mayo de 2025.- Las intensas lluvias registradas anoche en Oaxaca generaron el cierre de la carretera federal 175 que conduce a San Juan Bautista Tuxtepec.<\/p>\n\n\n\n<p>Fue en la zona que mese atr\u00e1s hab\u00eda sido tambi\u00e9n afectado, en el paraje \u201cPunta Piedra\u201d, del municipio de Santa Catarina Ixtepeji, donde quedaron varados varios veh\u00edculos.<\/p>\n\n\n\n<p>Una camioneta de pasajeros intent\u00f3 cruzar la vialidad, durante las intensas lluvias, pero puso en peligro a los pasajeros, porque estuvo a punto de volcar.<\/p>\n\n\n\n<p>Anoche, el gobierno de Oaxaca, a trav\u00e9s de la Secretar\u00eda de Seguridad y Protecci\u00f3n Ciudadana (SSPC) dio un balance preliminar de las afectaciones:<\/p>\n\n\n\n<p>* Calle 12 de Mayo del municipio de Trinidad, Zaachila.<\/p>\n\n\n\n<p>* Calle Jos\u00e9 Marti 4, Primera Ampliaci\u00f3n; privada de P\u00edpila, colonia Mi Ranchito; colonia Benito Juarez y calzada de los Deportes, en Santa Cruz Xoxocotl\u00e1n<\/p>\n\n\n\n<p>Tambi\u00e9n se reportaron \u00e1rboles ca\u00eddos en la avenida S\u00edmbolos Patrios a la altura de las oficinas del Instituto Nacional de Migraci\u00f3n, del municipio de San Agustin de las Juntas, as\u00ed como en el bosque \u201cEl Tequio\u201d de Santa Cruz Xoxocotl\u00e1n<\/p>\n\n\n\n<p>Por las anegaciones y acumulamiento de agua, efectu\u00f3 tareas de rescate en la carretera Internacional 190, colonia Am\u00e9rica del Sur, Oaxaca de Ju\u00e1rez; calle Ray\u00f3n; prolongaci\u00f3n del Progreso, Fraccionamiento Ichi Kolo, y crucero de la Ex Garita, en Santa Cruz Xoxocotl\u00e1n.<\/p>\n\n\n\n<p>De la misma manera, en la carretera Oaxaca-Puerto Escondido, crucero del Aeropuerto, en San Agustin de las Juntas.<\/p>\n\n\n\n<p>De igual forma, en el municipio de San Pablo Huitzo se reportaron da\u00f1os en las diferentes secciones, agencias, barrios y colonias.<\/p>\n","protected":false},"excerpt":{"rendered":"<p>Raymundo Morales\/Zona Roja. Oaxaca de Ju\u00e1rez, Oax., a 4 de mayo de 2025.- Las intensas&hellip;<\/p>\n","protected":false},"author":2,"featured_media":79972,"comment_status":"closed","ping_status":"open","sticky":false,"template":"","format":"standard","meta":{"_lmt_disableupdate":"","_lmt_disable":"","_jetpack_memberships_contains_paid_content":false,"footnotes":""},"categories":[109,47],"tags":[848],"class_list":["post-79967","post","type-post","status-publish","format-standard","has-post-thumbnail","hentry","category-minuto-a-minuto","category-zona-gris","tag-danos-lluvias-oaxaca"],"jetpack_featured_media_url":"https:\/\/zonaroja.com.mx\/wp-content\/uploads\/2025\/05\/Cierre-carretera-Oaxaca-Tuxtepec.jpeg","jetpack_sharing_enabled":true,"_links":{"self":[{"href":"https:\/\/zonaroja.com.mx\/index.php?rest_route=\/wp\/v2\/posts\/79967","targetHints":{"allow":["GET"]}}],"collection":[{"href":"https:\/\/zonaroja.com.mx\/index.php?rest_route=\/wp\/v2\/posts"}],"about":[{"href":"https:\/\/zonaroja.com.mx\/index.php?rest_route=\/wp\/v2\/types\/post"}],"author":[{"embeddable":true,"href":"https:\/\/zonaroja.com.mx\/index.php?rest_route=\/wp\/v2\/users\/2"}],"replies":[{"embeddable":true,"href":"https:\/\/zonaroja.com.mx\/index.php?rest_route=%2Fwp%2Fv2%2Fcomments&post=79967"}],"version-history":[{"count":1,"href":"https:\/\/zonaroja.com.mx\/index.php?rest_route=\/wp\/v2\/posts\/79967\/revisions"}],"predecessor-version":[{"id":79973,"href":"https:\/\/zonaroja.com.mx\/index.php?rest_route=\/wp\/v2\/posts\/79967\/revisions\/79973"}],"wp:featuredmedia":[{"embeddable":true,"href":"https:\/\/zonaroja.com.mx\/index.php?rest_route=\/wp\/v2\/media\/79972"}],"wp:attachment":[{"href":"https:\/\/zonaroja.com.mx\/index.php?rest_route=%2Fwp%2Fv2%2Fmedia&parent=79967"}],"wp:term":[{"taxonomy":"category","embeddable":true,"href":"https:\/\/zonaroja.com.mx\/index.php?rest_route=%2Fwp%2Fv2%2Fcategories&post=79967"},{"taxonomy":"post_tag","embeddable":true,"href":"https:\/\/zonaroja.com.mx\/index.php?rest_route=%2Fwp%2Fv2%2Ftags&post=79967"}],"curies":[{"name":"wp","href":"https:\/\/api.w.org\/{rel}","templated":true}]}}