{"id":79974,"date":"2025-05-04T08:30:00","date_gmt":"2025-05-04T14:30:00","guid":{"rendered":"https:\/\/zonaroja.com.mx\/?p=79974"},"modified":"2025-05-04T07:14:14","modified_gmt":"2025-05-04T13:14:14","slug":"avala-asamblea-estatal-del-magisterio-inicio-de-paro-de-labores","status":"publish","type":"post","link":"https:\/\/zonaroja.com.mx\/?p=79974","title":{"rendered":"Avala Asamblea Estatal del magisterio inicio de paro de labores"},"content":{"rendered":"\n<p>Ismael Garc\u00eda M.\/Zona Roja. Foto: Cencos 22.<\/p>\n\n\n\n<p>Oaxaca de Ju\u00e1rez, Oax., a 4 de mayo de 2025.- La Asamblea Estatal de la Secci\u00f3n 22 del Sindicato Nacional de Trabajadores de la Educaci\u00f3n (SNTE) aval\u00f3 el inicio del paro de labores educativas de manera indefinida, a partir del 15 de mayo.<\/p>\n\n\n\n<p>La reuni\u00f3n de delegados, presidida por la Comisi\u00f3n Pol\u00edtica que encabeza la secretaria General del gremio, Yenny Aracely P\u00e9rez Mart\u00ednez inici\u00f3 la tarde de ayer y concluy\u00f3 anoche a las 22:54 horas.<\/p>\n\n\n\n<p>\u201cDespu\u00e9s de un amplio an\u00e1lisis y debate, las y los asistentes a la Asamblea Estatal de la Secci\u00f3n 22, han determinado participar de manera organizada y masiva al paro nacional unitario convocado para el 15 de mayo del presente&nbsp; a\u00f1o, por la Coordinaci\u00f3n Nacional de Trabajadores de la Educaci\u00f3n (CNTE)\u201d, difundi\u00f3.&nbsp;<\/p>\n\n\n\n<p>En un comunicado, indic\u00f3 que la movilizaci\u00f3n masiva del Movimiento Democr\u00e1tico de Trabajadores de la Educaci\u00f3n de Oaxaca, tiene como prop\u00f3sito exigir la abrogaci\u00f3n de la Ley del ISSSTE 2007, la Reforma Educativa Pe\u00f1a-AMLO,&nbsp; justicia social y el aumento salarial del 100% al sueldo base.&nbsp;<\/p>\n\n\n\n<p>\u201cDurante el periodo de la autodenominada Cuarta Transformaci\u00f3n, han planteado una pol\u00edtica de mesas dilatorias sin resolver las demandas m\u00e1s sentidas de las y los trabajadores de la educaci\u00f3n, por ello, solo queda salir nuevamente a las calles para exigir el cumplimiento a las justas demandas\u201d, expuso.<\/p>\n\n\n\n<p>Por su parte, en su mensaje de clausura de la Asamblea Estatal, la dirigente del gremio magisterial, Yenny Aracely P\u00e9rez, llam\u00f3 a las bases a seguir fortaleciendo la lucha y a compartir la informaci\u00f3n con los padres de familia y con la ni\u00f1ez oaxaque\u00f1a.<\/p>\n\n\n\n<p>\u201cHay que seguir fortaleciendo, principalmente, esa relaci\u00f3n hist\u00f3rica con los padres de familia. No podemos dejar pasar por alto la pol\u00edtica del Estado, porque a trav\u00e9s de todos los medios de comunicaci\u00f3n, est\u00e1 haciendo todo lo posible para desprestigiar el movimiento.<\/p>\n\n\n\n<p>\u201cEstamos luchando no s\u00f3lo por los derechos del magisterio, sino de miles, millones de trabajadores. Por lo tanto, la responsabilidad es compartida; sigamos informando, sigamos luchando\u201d, dijo.<\/p>\n\n\n\n<p>Convoc\u00f3 tambi\u00e9n a combatir el \u00abcharrismo\u00bb sindical y a la democratizaci\u00f3n del Sindicato Nacional de Trabajadores de la Educaci\u00f3n, al considerar que su dirigencia nacional sigue plegada a los designios del gobierno.<\/p>\n\n\n\n<p>La Asamblea Estatal fue declarada en receso y permanente, para reanudar en cualquier momento, a fin de tomar decisiones respecto al rumbo del movimiento. El paro indefinido ser\u00e1 en todas las escuelas del nivel b\u00e1sico del estado pero el \u00abplant\u00f3n\u00bb indefinido ser\u00e1 en la Ciudad de M\u00e9xico.<\/p>\n","protected":false},"excerpt":{"rendered":"<p>Ismael Garc\u00eda M.\/Zona Roja. Foto: Cencos 22. Oaxaca de Ju\u00e1rez, Oax., a 4 de mayo&hellip;<\/p>\n","protected":false},"author":2,"featured_media":79970,"comment_status":"closed","ping_status":"open","sticky":false,"template":"","format":"standard","meta":{"_lmt_disableupdate":"","_lmt_disable":"","_jetpack_memberships_contains_paid_content":false,"footnotes":""},"categories":[109,46],"tags":[312],"class_list":["post-79974","post","type-post","status-publish","format-standard","has-post-thumbnail","hentry","category-minuto-a-minuto","category-zona-blanca","tag-seccion-22-del-snte"],"jetpack_featured_media_url":"https:\/\/zonaroja.com.mx\/wp-content\/uploads\/2025\/05\/Clausura-Asamblea-Estatal-Yenny-Aracely-Perez.jpg","jetpack_sharing_enabled":true,"_links":{"self":[{"href":"https:\/\/zonaroja.com.mx\/index.php?rest_route=\/wp\/v2\/posts\/79974","targetHints":{"allow":["GET"]}}],"collection":[{"href":"https:\/\/zonaroja.com.mx\/index.php?rest_route=\/wp\/v2\/posts"}],"about":[{"href":"https:\/\/zonaroja.com.mx\/index.php?rest_route=\/wp\/v2\/types\/post"}],"author":[{"embeddable":true,"href":"https:\/\/zonaroja.com.mx\/index.php?rest_route=\/wp\/v2\/users\/2"}],"replies":[{"embeddable":true,"href":"https:\/\/zonaroja.com.mx\/index.php?rest_route=%2Fwp%2Fv2%2Fcomments&post=79974"}],"version-history":[{"count":1,"href":"https:\/\/zonaroja.com.mx\/index.php?rest_route=\/wp\/v2\/posts\/79974\/revisions"}],"predecessor-version":[{"id":79975,"href":"https:\/\/zonaroja.com.mx\/index.php?rest_route=\/wp\/v2\/posts\/79974\/revisions\/79975"}],"wp:featuredmedia":[{"embeddable":true,"href":"https:\/\/zonaroja.com.mx\/index.php?rest_route=\/wp\/v2\/media\/79970"}],"wp:attachment":[{"href":"https:\/\/zonaroja.com.mx\/index.php?rest_route=%2Fwp%2Fv2%2Fmedia&parent=79974"}],"wp:term":[{"taxonomy":"category","embeddable":true,"href":"https:\/\/zonaroja.com.mx\/index.php?rest_route=%2Fwp%2Fv2%2Fcategories&post=79974"},{"taxonomy":"post_tag","embeddable":true,"href":"https:\/\/zonaroja.com.mx\/index.php?rest_route=%2Fwp%2Fv2%2Ftags&post=79974"}],"curies":[{"name":"wp","href":"https:\/\/api.w.org\/{rel}","templated":true}]}}