{"id":79979,"date":"2025-05-04T10:25:00","date_gmt":"2025-05-04T16:25:00","guid":{"rendered":"https:\/\/zonaroja.com.mx\/?p=79979"},"modified":"2025-05-04T07:26:26","modified_gmt":"2025-05-04T13:26:26","slug":"impulsan-desarrollo-turistico-comunitario-de-pueblos-del-istmo","status":"publish","type":"post","link":"https:\/\/zonaroja.com.mx\/?p=79979","title":{"rendered":"Impulsan desarrollo tur\u00edstico comunitario de pueblos del Istmo"},"content":{"rendered":"\n<p>Redacci\u00f3n\/Zona Roja.<\/p>\n\n\n\n<p>Oaxaca de Ju\u00e1rez, Oax., a 4 mayo de 2025.- La titular de la Secretar\u00eda de Turismo (Sectur Oaxaca), Saymi Pineda Velasco, instal\u00f3 el Comit\u00e9 de la Ruta del Istmo de Tehuantepec, con la finalidad de promover el rubro comunitario para que los beneficios y la derrama econ\u00f3mica de esta actividad llegue a los pueblos de la zona.<\/p>\n\n\n\n<p>Explic\u00f3 que este ente fungir\u00e1 como un espacio de di\u00e1logo abierto, en el que se compartan ideas para conocer fortalezas y encontrar estrategias que ayuden a atraer m\u00e1s visitantes de manera sostenible.<\/p>\n\n\n\n<p>\u201cEsta regi\u00f3n no puede quedarse atr\u00e1s ni quedarse fuera del escenario tur\u00edstico, porque a trav\u00e9s de un enfoque comunitario se busca que los beneficios lleguen a las localidades anfitrionas, y en su momento puedan tornarse en autogestionables\u201d, enfatiz\u00f3, la funcionaria.<\/p>\n\n\n\n<p>De igual forma, destac\u00f3 que el Istmo de Tehuantepec cuenta con una inmensa riqueza cultural, hist\u00f3rica, de festividades tradicionales y populares sin igual, as\u00ed como gran diversidad gastron\u00f3mica, artesanal y social; por lo que es un destino tur\u00edstico que detonar\u00e1 con la nueva autopista Mitla-Tehuantepec y con el desarrollo del Corredor Interoce\u00e1nico del Istmo de Tehuantepec (CIIT).<\/p>\n\n\n\n<p>\u201cEsta regi\u00f3n estuvo por a\u00f1os en manos de la incertidumbre pero que hoy a trav\u00e9s de las pol\u00edticas p\u00fablicas de la Cuarta Transformaci\u00f3n se vislumbra un futuro m\u00e1s que prometedor\u201d, se\u00f1al\u00f3.<\/p>\n\n\n\n<p>La encargada de la pol\u00edtica tur\u00edstica estatal tom\u00f3 protesta a las presidentas y presidentes de los municipios que conforman esta ruta, que ser\u00e1 presidida por Ana Cecilia P\u00e9rez Vel\u00e1squez, de Santo Domingo Tehuantepec; y tendr\u00e1 como secretaria a Leticia Sibaja Mendoza, de Santa Mar\u00eda Jalapa del Marqu\u00e9s.<\/p>\n\n\n\n<p>Otros municipios participantes son: Heroica Ciudad de Juchit\u00e1n de Zaragoza, Santiago Laollaga, Magdalena Tlacotepec, Salina Cruz y Ciudad Ixtepec; a quienes invit\u00f3 a participar, ser proactivos, aportar sus experiencias y aprovechar esta sinergia para generar propuestas concretas que favorezcan a todas y todos.<\/p>\n\n\n\n<p>Finalmente, la titular de la dependencia estatal reiter\u00f3 que la instrucci\u00f3n del Gobernador Salom\u00f3n Jara Cruz es que el turismo se consolide como un motor de desarrollo econ\u00f3mico y social de los pueblos.<\/p>\n","protected":false},"excerpt":{"rendered":"<p>Redacci\u00f3n\/Zona Roja. Oaxaca de Ju\u00e1rez, Oax., a 4 mayo de 2025.- La titular de la&hellip;<\/p>\n","protected":false},"author":2,"featured_media":79969,"comment_status":"closed","ping_status":"open","sticky":false,"template":"","format":"standard","meta":{"_lmt_disableupdate":"","_lmt_disable":"","_jetpack_memberships_contains_paid_content":false,"footnotes":""},"categories":[109,46],"tags":[1031],"class_list":["post-79979","post","type-post","status-publish","format-standard","has-post-thumbnail","hentry","category-minuto-a-minuto","category-zona-blanca","tag-secretaria-de-turismo-oaxaca"],"jetpack_featured_media_url":"https:\/\/zonaroja.com.mx\/wp-content\/uploads\/2025\/05\/Impulsa-Sectur-desarrollo-turistico-comunitario-de-los-pueblos-del-Istmo-de-Tehuantepec-1.jpeg","jetpack_sharing_enabled":true,"_links":{"self":[{"href":"https:\/\/zonaroja.com.mx\/index.php?rest_route=\/wp\/v2\/posts\/79979","targetHints":{"allow":["GET"]}}],"collection":[{"href":"https:\/\/zonaroja.com.mx\/index.php?rest_route=\/wp\/v2\/posts"}],"about":[{"href":"https:\/\/zonaroja.com.mx\/index.php?rest_route=\/wp\/v2\/types\/post"}],"author":[{"embeddable":true,"href":"https:\/\/zonaroja.com.mx\/index.php?rest_route=\/wp\/v2\/users\/2"}],"replies":[{"embeddable":true,"href":"https:\/\/zonaroja.com.mx\/index.php?rest_route=%2Fwp%2Fv2%2Fcomments&post=79979"}],"version-history":[{"count":1,"href":"https:\/\/zonaroja.com.mx\/index.php?rest_route=\/wp\/v2\/posts\/79979\/revisions"}],"predecessor-version":[{"id":79980,"href":"https:\/\/zonaroja.com.mx\/index.php?rest_route=\/wp\/v2\/posts\/79979\/revisions\/79980"}],"wp:featuredmedia":[{"embeddable":true,"href":"https:\/\/zonaroja.com.mx\/index.php?rest_route=\/wp\/v2\/media\/79969"}],"wp:attachment":[{"href":"https:\/\/zonaroja.com.mx\/index.php?rest_route=%2Fwp%2Fv2%2Fmedia&parent=79979"}],"wp:term":[{"taxonomy":"category","embeddable":true,"href":"https:\/\/zonaroja.com.mx\/index.php?rest_route=%2Fwp%2Fv2%2Fcategories&post=79979"},{"taxonomy":"post_tag","embeddable":true,"href":"https:\/\/zonaroja.com.mx\/index.php?rest_route=%2Fwp%2Fv2%2Ftags&post=79979"}],"curies":[{"name":"wp","href":"https:\/\/api.w.org\/{rel}","templated":true}]}}