{"id":79981,"date":"2025-05-04T11:26:00","date_gmt":"2025-05-04T17:26:00","guid":{"rendered":"https:\/\/zonaroja.com.mx\/?p=79981"},"modified":"2025-05-04T07:27:27","modified_gmt":"2025-05-04T13:27:27","slug":"opinion-sandra-estefana-dominguez-martinez","status":"publish","type":"post","link":"https:\/\/zonaroja.com.mx\/?p=79981","title":{"rendered":"Opini\u00f3n. Sandra Est\u00e9fana Dom\u00ednguez Mart\u00ednez"},"content":{"rendered":"\n<p>Soledad Jarqu\u00edn \u00c9dgar*\/SemM\u00e9xico.<\/p>\n\n\n\n<p>El nombre de Sandra Est\u00e9fana Dom\u00ednguez Mart\u00ednez es sin\u00f3nimo de resistencia a la falta de justicia.<\/p>\n\n\n\n<p>Respirar el aire de las monta\u00f1as ayuuk o despertar con la cara al sol, le fortaleci\u00f3 la conciencia y se convirti\u00f3 en la luz de muchas mujeres que encontraron con ella el camino para romper el silencio y la opresi\u00f3n.<\/p>\n\n\n\n<p>Naci\u00f3 en San Isidro Huayapam, Mixe. Una peque\u00f1a comunidad que pertenece al municipio Santa Mar\u00eda Alotepec, y pas\u00f3 su infancia en San Pedro y San Pablo Ayutla, Mixe, poblaci\u00f3n donde los arroyos parecen cantar. Ambas localidades ubicadas en la zona habitada por el pueblo que habla ayuuk en las monta\u00f1as del noreste de Oaxaca, donde hace miles de a\u00f1os se empez\u00f3 a forjar una de las m\u00e1s importantes culturas de la entidad.&nbsp;&nbsp;<\/p>\n\n\n\n<p>Los anhelos de justicia no se arrebatan. Sandra, la mayor de las hermanas y hermano Dom\u00ednguez Mart\u00ednez, es hija de Aracely Mart\u00ednez Villanueva y de Te\u00f3dulo Dom\u00ednguez Mart\u00ednez. El 17 de junio pr\u00f3ximo cumplir\u00eda 39 a\u00f1os, nada, ella no estar\u00e1 m\u00e1s f\u00edsicamente, lo cierto es que su obra en vida trascender\u00e1 el tiempo, se esparcir\u00e1 entre el viento fr\u00edo, las lluvias tempranas o las nubes blancas que se dispersan entre los caser\u00edos de los lugares que am\u00f3.<\/p>\n\n\n\n<p>Sandra Est\u00e9fana Dom\u00ednguez Mart\u00ednez, abogada egresada de la Universidad Ind\u00edgena de M\u00e9xico, ubicada en Mochicahui, El Fuerte, Sinaloa -a m\u00e1s de dos mil kil\u00f3metros de casa-, supo centrar su tarea en la defensa de los derechos humanos de las mujeres, preocupada porque \u201cla tradici\u00f3n\u201d resulta en violencia contra las mujeres por ser mujeres.<\/p>\n\n\n\n<p>Sandra pertenece a esa generaci\u00f3n de j\u00f3venes profesionistas que despiertan a la vida con una visi\u00f3n diferente, quieren ser como sus abuelas y madres, por sabias, pero no quieren repetir esas historias que lastiman sus cuerpos y laceran sus almas. Se asume feminista y defensora. Por conciencia, en su vida la violencia no entra, le quita la culpa a las mujeres con las que habla, pero tambi\u00e9n las escucha, les hace justicia y lo mejor les ense\u00f1a que siempre hay una puerta para salir.<\/p>\n\n\n\n<p>El recuento de lo conocido es amplio, sin embargo, hay muchas historias cosidas a los huipiles, hilvanadas en los telares y en las cosechas de milpas o frijol, milagrosamente sostenidas en las laderas de los altos cerros donde ellas, las mujeres, tambi\u00e9n siembran y tambi\u00e9n cosechan.<\/p>\n\n\n\n<p>Sandra Est\u00e9fana las vio tejer, coser e hilvanar, las vio sembrar, cuidar y cosechar, mientras sus palabras iban de un lado a otro, un eco que se repet\u00eda incansable, y que hoy ante su ausencia correr\u00e1n entre el agua de cada arroyo, entre el viento aromatizado por los pinos y encinos de sus bosques.<\/p>\n\n\n\n<p>Abogada y defensora de derechos humanos forj\u00f3 por cuenta propia una trayectoria, dentro y fuera de las instituciones, centr\u00f3 su trabajo como una defensora de mujeres ind\u00edgenas y hubo en su tarea dos aspectos que la llamaron a la sororidad: la desaparici\u00f3n y el feminicidio.<\/p>\n\n\n\n<p>Ejemplos, fueron Zayra y Fany. Ambos casos, ocurridos con diferencia de casi un a\u00f1o en 2020 y 2021, tambi\u00e9n sucedieron en lugares distantes y en entre dos grupos \u00e9tnicos, el mixteco y el mixe. Una joven y una adolescente, ambas madres, que ten\u00edan algo m\u00e1s en com\u00fan: las graves deficiencias en las carpetas de investigaci\u00f3n y la negligente actuaci\u00f3n de las autoridades que dificultaron el acceso a la justicia.<\/p>\n\n\n\n<p>Sandra Est\u00e9fana, sin duda, vivi\u00f3 en carne propia ser deso\u00edda por las autoridades, vivi\u00f3 la discriminaci\u00f3n y tambi\u00e9n el racismo que permea como hierva mala entre el funcionariado cuando denunci\u00f3 la violencia contra ella misma. Por eso, estamos seguras: \u00a1fue el Estado!<\/p>\n\n\n\n<p>Cuando la noticia de su desaparici\u00f3n se conoci\u00f3, hubo para las mujeres que hablan ayuuk o mixteco o castellano una sensaci\u00f3n de orfandad y se sinti\u00f3 la inmensidad de la intrincada geograf\u00eda oaxaque\u00f1a, porque al paso de los meses hac\u00eda falta la sensaci\u00f3n de su rabia y su coraje frente a la injusticia.<\/p>\n\n\n\n<p>Rabia y coraje que fueron sus escudos para emprender una denuncia que, esos hombres nunca imaginaron, una acusaci\u00f3n contra un pu\u00f1ado de personas mareados por el poder. Ella, indignada, habl\u00f3 desde el coraz\u00f3n de Oaxaca, el z\u00f3calo, pero tambi\u00e9n desde su coraz\u00f3n porque asumi\u00f3 la responsabilidad de lo que hac\u00eda, demostr\u00f3 las aberraciones que esos hombres comet\u00edan contra mujeres, sus paisanas. Ella, puso nombre a los autores y se\u00f1al\u00f3 a otros \u201cse\u00f1ores del poder\u201d.<\/p>\n\n\n\n<p>Hoy, a pesar de todo, Sandra nos dej\u00f3 una lecci\u00f3n: ellos ya no tienen paz. Sandra s\u00ed.<\/p>\n\n\n\n<p>Encar\u00f3 a Donato Vargas Jim\u00e9nez, su voz y su imagen est\u00e1n ah\u00ed hasta que el infinito desaparezca, sin duda, esa acci\u00f3n valiente, desnud\u00f3 a un funcionario que falt\u00f3 a su palabra, tambi\u00e9n cuestion\u00f3 al gobierno y a la fiscal\u00eda, adem\u00e1s llam\u00f3 a denunciar a los c\u00f3mplices que se defienden entre ellos, que se cubren y permanecen intocados, generando ese efecto, f\u00edsico y mental, que ante la impunidad se hace intolerable. Fue entonces cuando la voz de Sandra, la voz de las mujeres que fueron v\u00edctimas de esa infamia, rompi\u00f3 sus corazas y los pedazos de esas armaduras los laceraron, se quedaron heridos, retorci\u00e9ndose de dolor, porque lo que era intocado se toc\u00f3.<\/p>\n\n\n\n<p>Sandra Est\u00e9fana no volvi\u00f3 a casa como habr\u00edamos querido, pero volvi\u00f3. Hoy Sandra habita un lugar distinto, uno lleno de paz. Ya cumpli\u00f3 la misi\u00f3n que le fue asignada en esta vida. Su voz no se apagar\u00e1 nunca y hoy tiene m\u00e1s fuerza; estar\u00e1 entre nosotros y nosotras mientras honremos su legado; ser\u00e1 para siempre un ejemplo de amor para su hija; fortaleza y un lugar seguro para su madre; una gu\u00eda para sus hermanas y hermano, y para muchas mujeres ser\u00e1 siempre una maestra, una defensora, una hermana.<\/p>\n\n\n\n<p>Gracias Sandra Est\u00e9fana Dom\u00ednguez Mart\u00ednez por haber transitado en nuestro tiempo.<\/p>\n\n\n\n<p>*Periodista y activista feminista.<\/p>\n\n\n\n<p>@JarquinEdgar<\/p>\n","protected":false},"excerpt":{"rendered":"<p>Soledad Jarqu\u00edn \u00c9dgar*\/SemM\u00e9xico. El nombre de Sandra Est\u00e9fana Dom\u00ednguez Mart\u00ednez es sin\u00f3nimo de resistencia a&hellip;<\/p>\n","protected":false},"author":2,"featured_media":68029,"comment_status":"closed","ping_status":"open","sticky":false,"template":"","format":"standard","meta":{"_lmt_disableupdate":"","_lmt_disable":"","_jetpack_memberships_contains_paid_content":false,"footnotes":""},"categories":[456,109],"tags":[90],"class_list":["post-79981","post","type-post","status-publish","format-standard","has-post-thumbnail","hentry","category-columna","category-minuto-a-minuto","tag-soledad-jarquin"],"jetpack_featured_media_url":"https:\/\/zonaroja.com.mx\/wp-content\/uploads\/2024\/05\/Soledad-Jarquin-Edgar.jpg","jetpack_sharing_enabled":true,"_links":{"self":[{"href":"https:\/\/zonaroja.com.mx\/index.php?rest_route=\/wp\/v2\/posts\/79981","targetHints":{"allow":["GET"]}}],"collection":[{"href":"https:\/\/zonaroja.com.mx\/index.php?rest_route=\/wp\/v2\/posts"}],"about":[{"href":"https:\/\/zonaroja.com.mx\/index.php?rest_route=\/wp\/v2\/types\/post"}],"author":[{"embeddable":true,"href":"https:\/\/zonaroja.com.mx\/index.php?rest_route=\/wp\/v2\/users\/2"}],"replies":[{"embeddable":true,"href":"https:\/\/zonaroja.com.mx\/index.php?rest_route=%2Fwp%2Fv2%2Fcomments&post=79981"}],"version-history":[{"count":1,"href":"https:\/\/zonaroja.com.mx\/index.php?rest_route=\/wp\/v2\/posts\/79981\/revisions"}],"predecessor-version":[{"id":79982,"href":"https:\/\/zonaroja.com.mx\/index.php?rest_route=\/wp\/v2\/posts\/79981\/revisions\/79982"}],"wp:featuredmedia":[{"embeddable":true,"href":"https:\/\/zonaroja.com.mx\/index.php?rest_route=\/wp\/v2\/media\/68029"}],"wp:attachment":[{"href":"https:\/\/zonaroja.com.mx\/index.php?rest_route=%2Fwp%2Fv2%2Fmedia&parent=79981"}],"wp:term":[{"taxonomy":"category","embeddable":true,"href":"https:\/\/zonaroja.com.mx\/index.php?rest_route=%2Fwp%2Fv2%2Fcategories&post=79981"},{"taxonomy":"post_tag","embeddable":true,"href":"https:\/\/zonaroja.com.mx\/index.php?rest_route=%2Fwp%2Fv2%2Ftags&post=79981"}],"curies":[{"name":"wp","href":"https:\/\/api.w.org\/{rel}","templated":true}]}}