{"id":79989,"date":"2025-05-04T18:26:58","date_gmt":"2025-05-05T00:26:58","guid":{"rendered":"https:\/\/zonaroja.com.mx\/?p=79989"},"modified":"2025-05-04T18:26:59","modified_gmt":"2025-05-05T00:26:59","slug":"tras-accidente-que-dejo-ninos-quemados-fiscalia-asegura-colegio-privado","status":"publish","type":"post","link":"https:\/\/zonaroja.com.mx\/?p=79989","title":{"rendered":"Tras accidente que dej\u00f3 ni\u00f1os quemados, Fiscal\u00eda asegura colegio privado"},"content":{"rendered":"\n<p>Raymundo Morales\/Zona Roja.<\/p>\n\n\n\n<p>Oaxaca de Ju\u00e1rez, Oax., a 4 de mayo de 2025.- Luego del percance en que resultaron varios alumnos con quemaduras, la Fiscal\u00eda General del Estado de Oaxaca (FGEO) asegur\u00f3 el inmueble donde se encuentra el instituto \u201cFrancoise Dolto\u201d, como parte de los actos de investigaci\u00f3n derivado de los trabajos ministeriales por el delito de lesiones que sufrieron alumnas y alumnos de este lugar durante una actividad recreativa.<\/p>\n\n\n\n<p>En un comunicado, indico que a trav\u00e9s de la Fiscal\u00eda Especializada en Justicia para Ni\u00f1as, Ni\u00f1os y Adolescentes, lleva a cabo trabajos ministeriales y periciales en torno a los hechos en los que ni\u00f1os y ni\u00f1as resultaron con lesiones por quemadura.<\/p>\n\n\n\n<p>Como resultado de estas labores, en las que un equipo multidisciplinario llev\u00f3 a cabo en el edificio ubicado en calle Berrioz\u00e1bal, en el centro de la ciudad de Oaxaca de Ju\u00e1rez, diversos indicios que se integraron a las investigaciones, adem\u00e1s que el inmueble qued\u00f3 asegurado.<\/p>\n\n\n\n<p>En tanto, las investigaciones al respecto siguen su curso para establecer quien o quienes son responsables de estos hechos.<\/p>\n\n\n\n<p>De acuerdo a lo asentado en la carpeta de investigaci\u00f3n, se estableci\u00f3 que el 29 de abril de 2025, alumnas y alumnos el instituto \u201cFrancoise Dolto\u201d acudieron al sitio para participar en un campamento como parte de los festejos por el D\u00eda del Ni\u00f1o.<\/p>\n\n\n\n<p>Cuando las ni\u00f1as y los ni\u00f1os estaban alrededor de una fogata, una persona adulta lanz\u00f3 alcohol et\u00edlico que aviv\u00f3 el fuego, el cual alcanz\u00f3 a varios de los menores de edad, quienes resultaron con lesiones de diferente gravedad.<\/p>\n\n\n\n<p>La Fiscal\u00eda de Oaxaca realiza investigaciones con equipos especializados en la comisi\u00f3n de delitos contra ni\u00f1as y ni\u00f1os, para brindar una atenci\u00f3n integral para que las v\u00edctimas directas e indirectas tengan pleno acceso a los procesos de procuraci\u00f3n de justicia.<\/p>\n","protected":false},"excerpt":{"rendered":"<p>Raymundo Morales\/Zona Roja. Oaxaca de Ju\u00e1rez, Oax., a 4 de mayo de 2025.- Luego del&hellip;<\/p>\n","protected":false},"author":2,"featured_media":79990,"comment_status":"closed","ping_status":"open","sticky":false,"template":"","format":"standard","meta":{"_lmt_disableupdate":"","_lmt_disable":"","_jetpack_memberships_contains_paid_content":false,"footnotes":""},"categories":[109,46],"tags":[494],"class_list":["post-79989","post","type-post","status-publish","format-standard","has-post-thumbnail","hentry","category-minuto-a-minuto","category-zona-blanca","tag-fiscalia-general-del-estado-de-oaxaca"],"jetpack_featured_media_url":"https:\/\/zonaroja.com.mx\/wp-content\/uploads\/2025\/05\/Instituto-Francoise-Dolto-asegurado-por-Fiscalia.jpg","jetpack_sharing_enabled":true,"_links":{"self":[{"href":"https:\/\/zonaroja.com.mx\/index.php?rest_route=\/wp\/v2\/posts\/79989","targetHints":{"allow":["GET"]}}],"collection":[{"href":"https:\/\/zonaroja.com.mx\/index.php?rest_route=\/wp\/v2\/posts"}],"about":[{"href":"https:\/\/zonaroja.com.mx\/index.php?rest_route=\/wp\/v2\/types\/post"}],"author":[{"embeddable":true,"href":"https:\/\/zonaroja.com.mx\/index.php?rest_route=\/wp\/v2\/users\/2"}],"replies":[{"embeddable":true,"href":"https:\/\/zonaroja.com.mx\/index.php?rest_route=%2Fwp%2Fv2%2Fcomments&post=79989"}],"version-history":[{"count":1,"href":"https:\/\/zonaroja.com.mx\/index.php?rest_route=\/wp\/v2\/posts\/79989\/revisions"}],"predecessor-version":[{"id":79991,"href":"https:\/\/zonaroja.com.mx\/index.php?rest_route=\/wp\/v2\/posts\/79989\/revisions\/79991"}],"wp:featuredmedia":[{"embeddable":true,"href":"https:\/\/zonaroja.com.mx\/index.php?rest_route=\/wp\/v2\/media\/79990"}],"wp:attachment":[{"href":"https:\/\/zonaroja.com.mx\/index.php?rest_route=%2Fwp%2Fv2%2Fmedia&parent=79989"}],"wp:term":[{"taxonomy":"category","embeddable":true,"href":"https:\/\/zonaroja.com.mx\/index.php?rest_route=%2Fwp%2Fv2%2Fcategories&post=79989"},{"taxonomy":"post_tag","embeddable":true,"href":"https:\/\/zonaroja.com.mx\/index.php?rest_route=%2Fwp%2Fv2%2Ftags&post=79989"}],"curies":[{"name":"wp","href":"https:\/\/api.w.org\/{rel}","templated":true}]}}