{"id":79994,"date":"2025-05-04T20:50:29","date_gmt":"2025-05-05T02:50:29","guid":{"rendered":"https:\/\/zonaroja.com.mx\/?p=79994"},"modified":"2025-05-04T20:59:02","modified_gmt":"2025-05-05T02:59:02","slug":"matan-a-un-individuo-en-la-costa-y-otro-en-el-istmo-ayer-dos-en-la-mazateca","status":"publish","type":"post","link":"https:\/\/zonaroja.com.mx\/?p=79994","title":{"rendered":"Matan a un individuo en la Costa y otro en el Istmo; ayer dos en la mazateca"},"content":{"rendered":"\n<p>Ismael Garc\u00eda M.\/Zona Roja.<\/p>\n\n\n\n<p>Oaxaca de Ju\u00e1rez, Oax., a 4 de mayo de 2025.- Dos personas del sexo masculino fueron asesinadas este domingo, en las regiones Costa e Istmo; mientras ayer fueron ultimadas dos m\u00e1s en la zona mazateca del estado de Oaxaca.<\/p>\n\n\n\n<p>En el municipio coste\u00f1o de Santa Mar\u00eda Huazolotitl\u00e1n, la tarde de este d\u00eda fue ultimado a balazos un joven, en el interior de un bar denominado \u201cLas Palmitas\u201d.<\/p>\n\n\n\n<p>Seg\u00fan los primeros reportes policiacos, la v\u00edctima fue identificada como Rafael \u201cN\u201d, de 20 a\u00f1os de edad, quien fue ultimado a balazos tras ser citado por sujetos desconocidos en dicho establecimiento.<\/p>\n\n\n\n<p>Por la ma\u00f1ana, en Juchit\u00e1n de Zaragoza, un individuo fue atacado a balazos, en la colonia Arboleda; de manera preliminar se inform\u00f3 que se trata de un recolector de basura.<\/p>\n\n\n\n<p>Corporaciones de auxilio arribaron a la zona para brindar la atenci\u00f3n m\u00e9dica preliminar; despu\u00e9s trasladaron a la v\u00edctima a un hospital, donde falleci\u00f3 debido a la gravedad de las lesiones.<\/p>\n\n\n\n<p>De manera preliminar se inform\u00f3 que se trata del hijo de un polic\u00eda municipal, aunque hasta ahora no se ha revelado la identidad.<\/p>\n\n\n\n<p>Por otra parte, ayer s\u00e1bado, en Santiago Texcalcingo, municipio de la regi\u00f3n Sierra de Flores Mag\u00f3n, antes conocida como Ca\u00f1ada, fueron acribillados a balazos padre e hijo.<\/p>\n\n\n\n<p>Las v\u00edctimas fueron identificadas como Esteban B., de 48 a\u00f1os de edad, y su hijo Claudio B., quienes presentan varios impactos de arma de fuego; los agresores lograron huir de la zona.<\/p>\n\n\n\n<p>Hasta el momento no hay reporte de detenciones en ninguno de los casos, debido a que la polic\u00eda municipal no se hallaba en la zona de los respectivos cr\u00edmenes o no actuaron a tiempo para realizar operativos de b\u00fasqueda.<\/p>\n","protected":false},"excerpt":{"rendered":"<p>Ismael Garc\u00eda M.\/Zona Roja. Oaxaca de Ju\u00e1rez, Oax., a 4 de mayo de 2025.- Dos&hellip;<\/p>\n","protected":false},"author":2,"featured_media":74064,"comment_status":"closed","ping_status":"open","sticky":false,"template":"","format":"standard","meta":{"_lmt_disableupdate":"","_lmt_disable":"","_jetpack_memberships_contains_paid_content":false,"footnotes":""},"categories":[109,51],"tags":[],"class_list":["post-79994","post","type-post","status-publish","format-standard","has-post-thumbnail","hentry","category-minuto-a-minuto","category-zona-roja"],"jetpack_featured_media_url":"https:\/\/zonaroja.com.mx\/wp-content\/uploads\/2024\/11\/Escena-del-crimen-2.jpg.webp","jetpack_sharing_enabled":true,"_links":{"self":[{"href":"https:\/\/zonaroja.com.mx\/index.php?rest_route=\/wp\/v2\/posts\/79994","targetHints":{"allow":["GET"]}}],"collection":[{"href":"https:\/\/zonaroja.com.mx\/index.php?rest_route=\/wp\/v2\/posts"}],"about":[{"href":"https:\/\/zonaroja.com.mx\/index.php?rest_route=\/wp\/v2\/types\/post"}],"author":[{"embeddable":true,"href":"https:\/\/zonaroja.com.mx\/index.php?rest_route=\/wp\/v2\/users\/2"}],"replies":[{"embeddable":true,"href":"https:\/\/zonaroja.com.mx\/index.php?rest_route=%2Fwp%2Fv2%2Fcomments&post=79994"}],"version-history":[{"count":2,"href":"https:\/\/zonaroja.com.mx\/index.php?rest_route=\/wp\/v2\/posts\/79994\/revisions"}],"predecessor-version":[{"id":79996,"href":"https:\/\/zonaroja.com.mx\/index.php?rest_route=\/wp\/v2\/posts\/79994\/revisions\/79996"}],"wp:featuredmedia":[{"embeddable":true,"href":"https:\/\/zonaroja.com.mx\/index.php?rest_route=\/wp\/v2\/media\/74064"}],"wp:attachment":[{"href":"https:\/\/zonaroja.com.mx\/index.php?rest_route=%2Fwp%2Fv2%2Fmedia&parent=79994"}],"wp:term":[{"taxonomy":"category","embeddable":true,"href":"https:\/\/zonaroja.com.mx\/index.php?rest_route=%2Fwp%2Fv2%2Fcategories&post=79994"},{"taxonomy":"post_tag","embeddable":true,"href":"https:\/\/zonaroja.com.mx\/index.php?rest_route=%2Fwp%2Fv2%2Ftags&post=79994"}],"curies":[{"name":"wp","href":"https:\/\/api.w.org\/{rel}","templated":true}]}}