{"id":79997,"date":"2025-05-05T07:37:49","date_gmt":"2025-05-05T13:37:49","guid":{"rendered":"https:\/\/zonaroja.com.mx\/?p=79997"},"modified":"2025-05-05T07:37:51","modified_gmt":"2025-05-05T13:37:51","slug":"tras-disparar-sobre-fachada-ahora-intentan-quemar-negocio-en-juchitan","status":"publish","type":"post","link":"https:\/\/zonaroja.com.mx\/?p=79997","title":{"rendered":"Tras disparar sobre fachada, ahora intentan quemar negocio en Juchit\u00e1n"},"content":{"rendered":"\n<p>Raymundo Morales\/Zona Roja.<\/p>\n\n\n\n<p>Oaxaca de Ju\u00e1rez, Oax., a 5 de mayo de 2025.- Luego de disparar en repetidas ocasiones contra la fachada, ayer domingo sujetos desconocidos intentaron incendiar un local comercial en Juchit\u00e1n de Zaragoza.<\/p>\n\n\n\n<p>Fue el pasado mi\u00e9rcoles en que individuos armados dispararon en contra de la distribuidora de motocicletas \u201cBajaj\u201d, presuntamente por no pagar \u201cderecho de piso\u201d al crimen organizado.<\/p>\n\n\n\n<p>El due\u00f1o del local habr\u00eda recibido un mensaje en que se le amenazaba con hechos delictivos en caso de no pagar una cuota para seguir operando.<\/p>\n\n\n\n<p>Y ante la negativa, ayer sujetos desconocidos arrojaron combustible y prendieron fuego a la puerta de la negociaci\u00f3n ubicada a un costado de la carretera que comunica a Juchit\u00e1n con el municipio de El Espinal.<\/p>\n\n\n\n<p>Personal policiaco y de protecci\u00f3n civil arrib\u00f3 al sitio para sofocar el fuego, que no caus\u00f3 mayores da\u00f1os pues el material era met\u00e1lico.<\/p>\n\n\n\n<p>Tras ello, las autoridades locales recomendaron a los afectados interponer su denuncia ante la Fiscal\u00eda General del Estado de Oaxaca, con la finalidad de que se indaguen estos atentados.<\/p>\n\n\n\n<p>Desde hace por lo menos un lustro \u2014que comprenden los gobiernos municipales de Emilio Montero P\u00e9rez, actual director general del IEEPO, y de Miguel S\u00e1nchez Altamirano, ambos del Partido Morena\u2014, Juchit\u00e1n vive una ola delictiva cotidiana, sin que la autoridad municipal intensifique las acciones de prevenci\u00f3n y los patrullajes.<\/p>\n\n\n\n<p>Apenas ayer domingo asesinaron a un trabajador de limpia, y hasta el momento se desconoce su identidad<\/p>\n","protected":false},"excerpt":{"rendered":"<p>Raymundo Morales\/Zona Roja. Oaxaca de Ju\u00e1rez, Oax., a 5 de mayo de 2025.- Luego de&hellip;<\/p>\n","protected":false},"author":2,"featured_media":79998,"comment_status":"closed","ping_status":"open","sticky":false,"template":"","format":"standard","meta":{"_lmt_disableupdate":"","_lmt_disable":"","_jetpack_memberships_contains_paid_content":false,"footnotes":""},"categories":[109,47],"tags":[123],"class_list":["post-79997","post","type-post","status-publish","format-standard","has-post-thumbnail","hentry","category-minuto-a-minuto","category-zona-gris","tag-juchitan-de-zaragoza"],"jetpack_featured_media_url":"https:\/\/zonaroja.com.mx\/wp-content\/uploads\/2025\/05\/Incendio-Bajaj-Juchitan.jpg","jetpack_sharing_enabled":true,"_links":{"self":[{"href":"https:\/\/zonaroja.com.mx\/index.php?rest_route=\/wp\/v2\/posts\/79997","targetHints":{"allow":["GET"]}}],"collection":[{"href":"https:\/\/zonaroja.com.mx\/index.php?rest_route=\/wp\/v2\/posts"}],"about":[{"href":"https:\/\/zonaroja.com.mx\/index.php?rest_route=\/wp\/v2\/types\/post"}],"author":[{"embeddable":true,"href":"https:\/\/zonaroja.com.mx\/index.php?rest_route=\/wp\/v2\/users\/2"}],"replies":[{"embeddable":true,"href":"https:\/\/zonaroja.com.mx\/index.php?rest_route=%2Fwp%2Fv2%2Fcomments&post=79997"}],"version-history":[{"count":1,"href":"https:\/\/zonaroja.com.mx\/index.php?rest_route=\/wp\/v2\/posts\/79997\/revisions"}],"predecessor-version":[{"id":79999,"href":"https:\/\/zonaroja.com.mx\/index.php?rest_route=\/wp\/v2\/posts\/79997\/revisions\/79999"}],"wp:featuredmedia":[{"embeddable":true,"href":"https:\/\/zonaroja.com.mx\/index.php?rest_route=\/wp\/v2\/media\/79998"}],"wp:attachment":[{"href":"https:\/\/zonaroja.com.mx\/index.php?rest_route=%2Fwp%2Fv2%2Fmedia&parent=79997"}],"wp:term":[{"taxonomy":"category","embeddable":true,"href":"https:\/\/zonaroja.com.mx\/index.php?rest_route=%2Fwp%2Fv2%2Fcategories&post=79997"},{"taxonomy":"post_tag","embeddable":true,"href":"https:\/\/zonaroja.com.mx\/index.php?rest_route=%2Fwp%2Fv2%2Ftags&post=79997"}],"curies":[{"name":"wp","href":"https:\/\/api.w.org\/{rel}","templated":true}]}}