{"id":8000,"date":"2020-01-24T06:10:33","date_gmt":"2020-01-24T12:10:33","guid":{"rendered":"http:\/\/www.zonaroja.com.mx\/?p=8000"},"modified":"2020-01-24T06:10:36","modified_gmt":"2020-01-24T12:10:36","slug":"madrugan-oaxaquenos-con-sismo-de-magnitud-5-2-no-hay-danos","status":"publish","type":"post","link":"https:\/\/zonaroja.com.mx\/?p=8000","title":{"rendered":"Madrugan oaxaque\u00f1os con sismo de magnitud 5.2; no hay da\u00f1os"},"content":{"rendered":"\n<p>Redacci\u00f3n\/Zona Roja.<\/p>\n\n\n\n<p>Oaxaca de Ju\u00e1rez, Oax. 24 de enero de\n2020.- Un sismo de magnitud 5.2 se registr\u00f3 a las 04:47 horas de este viernes\nen territorio oaxaque\u00f1o, lo que gener\u00f3 que se hayan activado las alertas\ns\u00edsmicas.<\/p>\n\n\n\n<p>La Coordinaci\u00f3n Estatal de Protecci\u00f3n\nCivil de Oaxaca (CEPCO) activ\u00f3 los protocolos de revisi\u00f3n en diferentes\nregiones de la entidad y hasta el momento no se reportan da\u00f1o.<\/p>\n\n\n\n<p>En un comunicado, destac\u00f3 que el\nmovimiento tel\u00farico se localiz\u00f3 a 22 kil\u00f3metros al noreste de Puerto Escondido,\npor lo que la mayor percepci\u00f3n se registr\u00f3 en la zona de la Costa de Oaxaca.<\/p>\n\n\n\n<p>A\u00f1adi\u00f3 que las coordinaciones\nmunicipales se activaron de manera inmediata en R\u00edo Grande, Pinotepa Nacional,\nSan Pedro Mixtepec, Santa Mar\u00eda Huatulco, Tlacamama, entre otros.\n\nEn tanto que en las delegaciones de la Cuenca del Papaloapan, la Ca\u00f1ada\ny Mixteca, as\u00ed como la Unidad de Respuesta Inmediata en la zona de Valles\nCentrales tambi\u00e9n activaron sus protocolos por la percepci\u00f3n del sismo, sin que\nhasta el momento se hayan registrado da\u00f1os\n\n\n\n<\/p>\n","protected":false},"excerpt":{"rendered":"<p>Redacci\u00f3n\/Zona Roja. Oaxaca de Ju\u00e1rez, Oax. 24 de enero de 2020.- Un sismo de magnitud&hellip;<\/p>\n","protected":false},"author":2,"featured_media":8001,"comment_status":"closed","ping_status":"open","sticky":false,"template":"","format":"standard","meta":{"_lmt_disableupdate":"","_lmt_disable":"","_jetpack_memberships_contains_paid_content":false,"footnotes":""},"categories":[109,47],"tags":[1237],"class_list":["post-8000","post","type-post","status-publish","format-standard","has-post-thumbnail","hentry","category-minuto-a-minuto","category-zona-gris","tag-sismo-en-oaxaca"],"jetpack_featured_media_url":"https:\/\/zonaroja.com.mx\/wp-content\/uploads\/2020\/01\/Image-1-56-1.png","jetpack_sharing_enabled":true,"_links":{"self":[{"href":"https:\/\/zonaroja.com.mx\/index.php?rest_route=\/wp\/v2\/posts\/8000","targetHints":{"allow":["GET"]}}],"collection":[{"href":"https:\/\/zonaroja.com.mx\/index.php?rest_route=\/wp\/v2\/posts"}],"about":[{"href":"https:\/\/zonaroja.com.mx\/index.php?rest_route=\/wp\/v2\/types\/post"}],"author":[{"embeddable":true,"href":"https:\/\/zonaroja.com.mx\/index.php?rest_route=\/wp\/v2\/users\/2"}],"replies":[{"embeddable":true,"href":"https:\/\/zonaroja.com.mx\/index.php?rest_route=%2Fwp%2Fv2%2Fcomments&post=8000"}],"version-history":[{"count":1,"href":"https:\/\/zonaroja.com.mx\/index.php?rest_route=\/wp\/v2\/posts\/8000\/revisions"}],"predecessor-version":[{"id":8002,"href":"https:\/\/zonaroja.com.mx\/index.php?rest_route=\/wp\/v2\/posts\/8000\/revisions\/8002"}],"wp:featuredmedia":[{"embeddable":true,"href":"https:\/\/zonaroja.com.mx\/index.php?rest_route=\/wp\/v2\/media\/8001"}],"wp:attachment":[{"href":"https:\/\/zonaroja.com.mx\/index.php?rest_route=%2Fwp%2Fv2%2Fmedia&parent=8000"}],"wp:term":[{"taxonomy":"category","embeddable":true,"href":"https:\/\/zonaroja.com.mx\/index.php?rest_route=%2Fwp%2Fv2%2Fcategories&post=8000"},{"taxonomy":"post_tag","embeddable":true,"href":"https:\/\/zonaroja.com.mx\/index.php?rest_route=%2Fwp%2Fv2%2Ftags&post=8000"}],"curies":[{"name":"wp","href":"https:\/\/api.w.org\/{rel}","templated":true}]}}