{"id":80004,"date":"2025-05-05T11:21:00","date_gmt":"2025-05-05T17:21:00","guid":{"rendered":"https:\/\/zonaroja.com.mx\/?p=80004"},"modified":"2025-05-05T11:59:28","modified_gmt":"2025-05-05T17:59:28","slug":"claudia-le-tiene-tanto-miedo-a-los-carteles-que-no-puede-caminar-trump","status":"publish","type":"post","link":"https:\/\/zonaroja.com.mx\/?p=80004","title":{"rendered":"Claudia \u201cLe tiene tanto miedo a los c\u00e1rteles que no puede caminar\u201d: Trump"},"content":{"rendered":"\n<p>Redacci\u00f3n\/Zona Roja Cdmx.<\/p>\n\n\n\n<p>Ciudad de M\u00e9xico, a 5 de junio de 2025.- Donald Trump, presidente de Estados Unidos, confirm\u00f3 que ha llegado a ofrecer a la presidenta Claudia Sheinbaum Pardo el ingreso a M\u00e9xico de tropas del ej\u00e9rcito de su pa\u00eds para realizar labores de combate al narcotr\u00e1fico. De igual manera, corrobor\u00f3 las declaraciones de la mandataria, quien declin\u00f3 el ofrecimiento al argumentar la inviolabilidad del territorio nacional.<\/p>\n\n\n\n<p>Despu\u00e9s de haber pasado el fin de semana en Mar-a Lago, el mandatario de los Estados Unidos dio una serie de declaraciones ante los medios de comunicaci\u00f3n. En el espacio, asegur\u00f3 que las declaraciones de la presidenta de M\u00e9xico, a quien catalog\u00f3 como una \u201cmujer encantadora\u201d, sobre el ofrecimiento son ciertas.<\/p>\n\n\n\n<p>\u201cEs cierto, totalmente, porque deben serlo (las declaraciones de Claudia Sheinbaum sobre el ofrecimiento). Son gente horrible que ha estado matando gente a diestra y siniestra, que han hecho una fortuna vendiendo drogas y destruyendo a nuestra gente\u201d, mencion\u00f3 ante los micr\u00f3fonos presentes en el avi\u00f3n presidencial.<\/p>\n\n\n\n<p>En otro momento de la declaraci\u00f3n, Trump asegur\u00f3 que si M\u00e9xico quisiera ayuda para realizar labores de combate al crimen organizado \u201cnos sentir\u00edamos honrados de ir y hacerlo\u201d. No obstante, las palabras del mandatario se tornaron m\u00e1s hostiles al asegurar que Sheinbaum Pardo teme a los c\u00e1rteles.<\/p>\n\n\n\n<p>\u201cLe tiene tanto miedo a los c\u00e1rteles que no puede caminar as\u00ed que \u00bfsabes? esa es la raz\u00f3n. Creo que es una mujer encantadora. La presidenta de M\u00e9xico es una mujer encantadora pero le tiene tanto miedo a los c\u00e1rteles que ni siquiera puede pensar con claridad\u00bb, continu\u00f3 ante los micr\u00f3fonos.<\/p>\n\n\n\n<p>Cabe recordar que The Wall Street Journal dio a conocer que el mandatario de los Estados Unidos ha intensificado su presi\u00f3n sobre el gobierno de M\u00e9xico para permitir la entrada de sus tropas al territorio. Seg\u00fan mencion\u00f3 el medio, tiene la intenci\u00f3n de realizar labores de combate al narcotr\u00e1fico.<\/p>\n\n\n\n<p>Un d\u00eda despu\u00e9s, durante la inauguraci\u00f3n de la Universidad para el Bienestar sede Parque Ecol\u00f3gico Lago de Texcoco, la mandataria habl\u00f3 sobre el reporte y dio detalles sobre la conversaci\u00f3n.<\/p>\n\n\n\n<p>\u201cQuiero decir que es verdad, que en algunas de las llamadas \u2014pero no as\u00ed como lo menciona\u2014 dijo: \u2018\u00bfEn qu\u00e9 les podemos ayudar para luchar contra el narcotr\u00e1fico? Les propongo que entre el ej\u00e9rcito de los Estados Unidos a ayudarle\u2019 \u00bfY saben qu\u00e9 le dije? \u2018No, presidente Trump. El territorio es inviolable, la soberan\u00eda es inviolable, la soberan\u00eda no se vende; la soberan\u00eda se ama y se defiende. No hace falta; se puede colaborar, podemos trabajar juntos, pero ustedes en su territorio, nosotros en el nuestro\u2019\u201d, dijo Claudia Sheinbaum.<\/p>\n\n\n\n<p>Desde su ingreso, Donald Trump ha aumentado la vigilancia militar en la frontera con M\u00e9xico a trav\u00e9s del despliegue de tropas en tierra, aunque tambi\u00e9n con vuelos de reconocimiento. Ante la situaci\u00f3n, la mandataria mexicana he reiterado su intenci\u00f3n de colaborar con el gobierno estadounidense, aunque sin permitir su ingreso al territorio.<\/p>\n\n\n\n<p>(Informaci\u00f3n de Infobae M\u00e9xico)<\/p>\n","protected":false},"excerpt":{"rendered":"<p>Redacci\u00f3n\/Zona Roja Cdmx. Ciudad de M\u00e9xico, a 5 de junio de 2025.- Donald Trump, presidente&hellip;<\/p>\n","protected":false},"author":2,"featured_media":77052,"comment_status":"closed","ping_status":"open","sticky":false,"template":"","format":"standard","meta":{"_lmt_disableupdate":"","_lmt_disable":"","_jetpack_memberships_contains_paid_content":false,"footnotes":""},"categories":[109,47],"tags":[1060],"class_list":["post-80004","post","type-post","status-publish","format-standard","has-post-thumbnail","hentry","category-minuto-a-minuto","category-zona-gris","tag-donald-trump"],"jetpack_featured_media_url":"https:\/\/zonaroja.com.mx\/wp-content\/uploads\/2025\/01\/Donald-Trump.jpg.webp","jetpack_sharing_enabled":true,"_links":{"self":[{"href":"https:\/\/zonaroja.com.mx\/index.php?rest_route=\/wp\/v2\/posts\/80004","targetHints":{"allow":["GET"]}}],"collection":[{"href":"https:\/\/zonaroja.com.mx\/index.php?rest_route=\/wp\/v2\/posts"}],"about":[{"href":"https:\/\/zonaroja.com.mx\/index.php?rest_route=\/wp\/v2\/types\/post"}],"author":[{"embeddable":true,"href":"https:\/\/zonaroja.com.mx\/index.php?rest_route=\/wp\/v2\/users\/2"}],"replies":[{"embeddable":true,"href":"https:\/\/zonaroja.com.mx\/index.php?rest_route=%2Fwp%2Fv2%2Fcomments&post=80004"}],"version-history":[{"count":1,"href":"https:\/\/zonaroja.com.mx\/index.php?rest_route=\/wp\/v2\/posts\/80004\/revisions"}],"predecessor-version":[{"id":80005,"href":"https:\/\/zonaroja.com.mx\/index.php?rest_route=\/wp\/v2\/posts\/80004\/revisions\/80005"}],"wp:featuredmedia":[{"embeddable":true,"href":"https:\/\/zonaroja.com.mx\/index.php?rest_route=\/wp\/v2\/media\/77052"}],"wp:attachment":[{"href":"https:\/\/zonaroja.com.mx\/index.php?rest_route=%2Fwp%2Fv2%2Fmedia&parent=80004"}],"wp:term":[{"taxonomy":"category","embeddable":true,"href":"https:\/\/zonaroja.com.mx\/index.php?rest_route=%2Fwp%2Fv2%2Fcategories&post=80004"},{"taxonomy":"post_tag","embeddable":true,"href":"https:\/\/zonaroja.com.mx\/index.php?rest_route=%2Fwp%2Fv2%2Ftags&post=80004"}],"curies":[{"name":"wp","href":"https:\/\/api.w.org\/{rel}","templated":true}]}}