{"id":80018,"date":"2025-05-05T19:44:39","date_gmt":"2025-05-06T01:44:39","guid":{"rendered":"https:\/\/zonaroja.com.mx\/?p=80018"},"modified":"2025-05-05T19:44:41","modified_gmt":"2025-05-06T01:44:41","slug":"en-dia-de-asueto-registra-oaxaca-cuatro-protestas","status":"publish","type":"post","link":"https:\/\/zonaroja.com.mx\/?p=80018","title":{"rendered":"En d\u00eda de asueto, registra Oaxaca cuatro protestas"},"content":{"rendered":"\n<p>Raymundo Morales\/Zona Roja.<\/p>\n\n\n\n<p>Oaxaca de Ju\u00e1rez, Oax., a 5 de mayo de 2025.- En d\u00eda festivo, Oaxaca registr\u00f3 este lunes cuatro protestas, dos de ellas con bloqueo de vialidades.<\/p>\n\n\n\n<p>Por la ma\u00f1ana, habitantes de la colonia La Paz, del municipio de Santa Cruz Xoxocotl\u00e1n, bloquearon por varias horas el bulevar Guadalupe Hinojosa.<\/p>\n\n\n\n<p>La exigencia fue hacia la Comisi\u00f3n Federal de Electricidad (CFE), para que restableciera el servicio de energ\u00eda el\u00e9ctrica.<\/p>\n\n\n\n<p>Otra movilizaci\u00f3n por los mismos motivos ocurri\u00f3 en la calle D\u00edaz Quintas, cerca del hospital de zona del IMSS en la ciudad de Oaxaca, acceso al barrio de Xochimilco.<\/p>\n\n\n\n<p>Fue por parte de habitantes de la colonia D\u00edaz Ordaz que tambi\u00e9n demandaban servicio de energ\u00eda el\u00e9ctrica, pues desde el pasado s\u00e1bado carec\u00edan de ello.<\/p>\n\n\n\n<p>En este caso la respuesta de la instituci\u00f3n fue inmediata y tras un di\u00e1logo con los inconformes, atendieron la emergencia.<\/p>\n\n\n\n<p>Por la ma\u00f1ana, padres de familia con hijos en el colegio \u201cFrancoise Dolto\u201d, denunciaron la negligencia con la que actuaron los directivos, tras un incendio que dej\u00f3 con graves quemaduras a varios menores de edad.<\/p>\n\n\n\n<p>Demandaron a las autoridades ministeriales y educativas actuar con agilidad para dar con los responsables y sancionarlos.<\/p>\n\n\n\n<p>Por otra parte, en el z\u00f3calo de la ciudad de Oaxaca, un grupo de pobladores de San Pedro El Alto, agencia del municipio de Zimatl\u00e1n de \u00c1lvarez, llegaron para denunciar una invasi\u00f3n por parte de sus vecinos de Santa Maria Lachix\u00edo, Sola de Vega, por lo cual demandaron la atenci\u00f3n gubernamental.<\/p>\n","protected":false},"excerpt":{"rendered":"<p>Raymundo Morales\/Zona Roja. Oaxaca de Ju\u00e1rez, Oax., a 5 de mayo de 2025.- En d\u00eda&hellip;<\/p>\n","protected":false},"author":2,"featured_media":80019,"comment_status":"closed","ping_status":"open","sticky":false,"template":"","format":"standard","meta":{"_lmt_disableupdate":"","_lmt_disable":"","_jetpack_memberships_contains_paid_content":false,"footnotes":""},"categories":[109,47],"tags":[518],"class_list":["post-80018","post","type-post","status-publish","format-standard","has-post-thumbnail","hentry","category-minuto-a-minuto","category-zona-gris","tag-protestas-oaxaca"],"jetpack_featured_media_url":"https:\/\/zonaroja.com.mx\/wp-content\/uploads\/2025\/05\/Bloqueo-contra-CFE-Xoxocotlan.jpeg","jetpack_sharing_enabled":true,"_links":{"self":[{"href":"https:\/\/zonaroja.com.mx\/index.php?rest_route=\/wp\/v2\/posts\/80018","targetHints":{"allow":["GET"]}}],"collection":[{"href":"https:\/\/zonaroja.com.mx\/index.php?rest_route=\/wp\/v2\/posts"}],"about":[{"href":"https:\/\/zonaroja.com.mx\/index.php?rest_route=\/wp\/v2\/types\/post"}],"author":[{"embeddable":true,"href":"https:\/\/zonaroja.com.mx\/index.php?rest_route=\/wp\/v2\/users\/2"}],"replies":[{"embeddable":true,"href":"https:\/\/zonaroja.com.mx\/index.php?rest_route=%2Fwp%2Fv2%2Fcomments&post=80018"}],"version-history":[{"count":1,"href":"https:\/\/zonaroja.com.mx\/index.php?rest_route=\/wp\/v2\/posts\/80018\/revisions"}],"predecessor-version":[{"id":80020,"href":"https:\/\/zonaroja.com.mx\/index.php?rest_route=\/wp\/v2\/posts\/80018\/revisions\/80020"}],"wp:featuredmedia":[{"embeddable":true,"href":"https:\/\/zonaroja.com.mx\/index.php?rest_route=\/wp\/v2\/media\/80019"}],"wp:attachment":[{"href":"https:\/\/zonaroja.com.mx\/index.php?rest_route=%2Fwp%2Fv2%2Fmedia&parent=80018"}],"wp:term":[{"taxonomy":"category","embeddable":true,"href":"https:\/\/zonaroja.com.mx\/index.php?rest_route=%2Fwp%2Fv2%2Fcategories&post=80018"},{"taxonomy":"post_tag","embeddable":true,"href":"https:\/\/zonaroja.com.mx\/index.php?rest_route=%2Fwp%2Fv2%2Ftags&post=80018"}],"curies":[{"name":"wp","href":"https:\/\/api.w.org\/{rel}","templated":true}]}}