{"id":80029,"date":"2025-05-06T08:15:00","date_gmt":"2025-05-06T14:15:00","guid":{"rendered":"https:\/\/zonaroja.com.mx\/?p=80029"},"modified":"2025-05-06T07:05:30","modified_gmt":"2025-05-06T13:05:30","slug":"huyen-de-oaxaca-directivos-del-colegio-francoise-dolto-los-busca-fiscalia","status":"publish","type":"post","link":"https:\/\/zonaroja.com.mx\/?p=80029","title":{"rendered":"Huyen de Oaxaca directivos del colegio \u201cFrancoise Dolto\u201d; los busca Fiscal\u00eda"},"content":{"rendered":"\n<p>Ismael Garc\u00eda M.\/Zona Roja.<\/p>\n\n\n\n<p>Oaxaca de Ju\u00e1rez, Oax., a 6 de mayo de 2025.- La directora del colegio \u201cFrancoise Dolto\u201d, Ariela S\u00e1nchez Moreno, y su esposo, Daniel Jhonathan Islas Salda\u00f1a, se encuentran pr\u00f3fugos de la justicia y ya son buscados por la Fiscal\u00eda General del Estado de Oaxaca.<\/p>\n\n\n\n<p>Ello por su presunta responsabilidad en el incendio que se gener\u00f3 el pasado 29 de abril en dicha instituci\u00f3n privada ubicada en la capital, con saldo de al menos ocho menores de edad quemados, tres de los cuales siguen graves de salud.<\/p>\n\n\n\n<p>Habr\u00eda sido Daniel Jonathan quien aviv\u00f3 el fuego con alcohol, en el marco de una fogata para festejar el D\u00eda del Ni\u00f1o, tras lo cual \u00fanicamente llamaron a los padres de familia para que fueran a recoger a sus hijos, negando el percance.<\/p>\n\n\n\n<p>Ayer en conferencia de prensa, los padres de familia acusaron que fue un acto de negligencia e irresponsabilidad, pues no hab\u00eda protocolos de actuaci\u00f3n ni extintores con carga.<\/p>\n\n\n\n<p>La peque\u00f1a Kasumi fue trasladada el fin de semana a un hospital especializado en Galveston, Texas, mientras que Kenich recibe atenci\u00f3n m\u00e9dica en el Hospital de la Ni\u00f1ez Oaxaque\u00f1a; un menor m\u00e1s es atendido en el Hospital Civil.<\/p>\n\n\n\n<p>El pasado s\u00e1bado, la Fiscal\u00eda General del Estado de Oaxaca asegur\u00f3 el inmueble, ubicado en la calle Berrioz\u00e1bal, entre avenida Ju\u00e1rez y Reforma, de la ciudad.<\/p>\n\n\n\n<p>Mientras que la v\u00edspera, el Instituto Estatal de Educaci\u00f3n P\u00fablica de Oaxaca coloc\u00f3 sellos de suspensi\u00f3n de actividades, debido a diversas irregularidades que detect\u00f3, tras el percance.<\/p>\n\n\n\n<p>En entrevista ayer, el fiscal General, Bernardo Rodr\u00edguez Alamilla, remarc\u00f3 que no habr\u00e1 impunidad en este caso y se realizan las indagatorias pertinentes para establecer responsabilidades.<\/p>\n\n\n\n<p>La instituci\u00f3n de procuraci\u00f3n de justicia inform\u00f3 este lunes que el caso se lleva a trav\u00e9s de la Fiscal\u00eda Especializada en Justicia para Ni\u00f1as, Ni\u00f1os y Adolescentes, cuyo personal recab\u00f3 diversos indicios que se integraron a las investigaciones, adem\u00e1s que el inmueble qued\u00f3 asegurado.&nbsp;<\/p>\n\n\n\n<p>De acuerdo a lo asentado en la carpeta de investigaci\u00f3n, se estableci\u00f3 que el 29 de abril de 2025, alumnas y alumnos el Instituto \u201cFrancoise Dolto\u201d acudieron al sitio para participar en un campamento como parte de los festejos por el D\u00eda del Ni\u00f1o.<\/p>\n\n\n\n<p>Cuando las ni\u00f1as y los ni\u00f1os estaban alrededor de una fogata, una persona adulta lanz\u00f3 alcohol et\u00edlico que aviv\u00f3 el fuego, el cual alcanz\u00f3 a varios de los menores de edad, quienes resultaron con lesiones de diferente gravedad.<\/p>\n","protected":false},"excerpt":{"rendered":"<p>Ismael Garc\u00eda M.\/Zona Roja. Oaxaca de Ju\u00e1rez, Oax., a 6 de mayo de 2025.- La&hellip;<\/p>\n","protected":false},"author":2,"featured_media":79990,"comment_status":"closed","ping_status":"open","sticky":false,"template":"","format":"standard","meta":{"_lmt_disableupdate":"","_lmt_disable":"","_jetpack_memberships_contains_paid_content":false,"footnotes":""},"categories":[109,46],"tags":[4292],"class_list":["post-80029","post","type-post","status-publish","format-standard","has-post-thumbnail","hentry","category-minuto-a-minuto","category-zona-blanca","tag-colegio-francoise-dolto-oaxaca"],"jetpack_featured_media_url":"https:\/\/zonaroja.com.mx\/wp-content\/uploads\/2025\/05\/Instituto-Francoise-Dolto-asegurado-por-Fiscalia.jpg","jetpack_sharing_enabled":true,"_links":{"self":[{"href":"https:\/\/zonaroja.com.mx\/index.php?rest_route=\/wp\/v2\/posts\/80029","targetHints":{"allow":["GET"]}}],"collection":[{"href":"https:\/\/zonaroja.com.mx\/index.php?rest_route=\/wp\/v2\/posts"}],"about":[{"href":"https:\/\/zonaroja.com.mx\/index.php?rest_route=\/wp\/v2\/types\/post"}],"author":[{"embeddable":true,"href":"https:\/\/zonaroja.com.mx\/index.php?rest_route=\/wp\/v2\/users\/2"}],"replies":[{"embeddable":true,"href":"https:\/\/zonaroja.com.mx\/index.php?rest_route=%2Fwp%2Fv2%2Fcomments&post=80029"}],"version-history":[{"count":1,"href":"https:\/\/zonaroja.com.mx\/index.php?rest_route=\/wp\/v2\/posts\/80029\/revisions"}],"predecessor-version":[{"id":80030,"href":"https:\/\/zonaroja.com.mx\/index.php?rest_route=\/wp\/v2\/posts\/80029\/revisions\/80030"}],"wp:featuredmedia":[{"embeddable":true,"href":"https:\/\/zonaroja.com.mx\/index.php?rest_route=\/wp\/v2\/media\/79990"}],"wp:attachment":[{"href":"https:\/\/zonaroja.com.mx\/index.php?rest_route=%2Fwp%2Fv2%2Fmedia&parent=80029"}],"wp:term":[{"taxonomy":"category","embeddable":true,"href":"https:\/\/zonaroja.com.mx\/index.php?rest_route=%2Fwp%2Fv2%2Fcategories&post=80029"},{"taxonomy":"post_tag","embeddable":true,"href":"https:\/\/zonaroja.com.mx\/index.php?rest_route=%2Fwp%2Fv2%2Ftags&post=80029"}],"curies":[{"name":"wp","href":"https:\/\/api.w.org\/{rel}","templated":true}]}}