{"id":80036,"date":"2025-05-06T11:15:00","date_gmt":"2025-05-06T17:15:00","guid":{"rendered":"https:\/\/zonaroja.com.mx\/?p=80036"},"modified":"2025-05-06T07:17:04","modified_gmt":"2025-05-06T13:17:04","slug":"defiende-la-presidenta-de-morena-a-murat-hinojosa","status":"publish","type":"post","link":"https:\/\/zonaroja.com.mx\/?p=80036","title":{"rendered":"Defiende la presidenta de Morena a Murat Hinojosa"},"content":{"rendered":"\n<p>Redacci\u00f3n\/Zona Roja Cdmx.<\/p>\n\n\n\n<p>Ciudad de M\u00e9xico, a 6 de mayo de 2025.- La incorporaci\u00f3n de Alejandro Murat al morenismo tras casi dos d\u00e9cadas como priista debe ser evaluada \u201cbien\u201d. \u201cEl simple hecho de que haya pertenecido al PRI no puede ser motivo suficiente para no ser parte de Morena\u201c, afirm\u00f3 Luisa Mar\u00eda Alcalde, presidenta nacional de este \u00faltimo partido.<\/p>\n\n\n\n<p>Murat tuvo un acompa\u00f1amiento cercano a la Cuarta Transformaci\u00f3n y asumi\u00f3 un compromiso: no meterse en la elecci\u00f3n. Hubo un reconocimiento p\u00fablico por parte del propio presidente L\u00f3pez Obrador de que no lo hizo. Esos son elementos para valorarse, detall\u00f3 la secretaria de Gobernaci\u00f3n en el \u00faltimo tramo del sexenio pasado.<\/p>\n\n\n\n<p>En entrevista para Astillero Informa, explic\u00f3 que no se trata de abrir las puertas de Morena a quien sea, sino de que, \u201ccuando haya diferencias, se presenten ante la Comisi\u00f3n Nacional de Honestidad y Justicia\u201c.<\/p>\n\n\n\n<p>Lo que en Morena no se claudica, es el proyecto de pa\u00eds. No andamos negociando ni comerciando con cargos p\u00fablicos al estilo del PRIAN, sentenci\u00f3.<\/p>\n\n\n\n<p>\u201cHoy es cuando m\u00e1s estrictos debemos ser, porque nos toca a todos los liderazgos cuidar el legado del expresidente L\u00f3pez Obrador y cuidar a Morena.\u201d<\/p>\n\n\n\n<p>Por otra parte, Alcalde Luj\u00e1n reivindic\u00f3 el papel que ha tenido el Partido Verde (PVEM) en la alianza con Morena.<\/p>\n\n\n\n<p>(Informaci\u00f3n de Julio Astillero)<\/p>\n","protected":false},"excerpt":{"rendered":"<p>Redacci\u00f3n\/Zona Roja Cdmx. Ciudad de M\u00e9xico, a 6 de mayo de 2025.- La incorporaci\u00f3n de&hellip;<\/p>\n","protected":false},"author":2,"featured_media":77657,"comment_status":"closed","ping_status":"open","sticky":false,"template":"","format":"standard","meta":{"_lmt_disableupdate":"","_lmt_disable":"","_jetpack_memberships_contains_paid_content":false,"footnotes":""},"categories":[109,47],"tags":[173,4161],"class_list":["post-80036","post","type-post","status-publish","format-standard","has-post-thumbnail","hentry","category-minuto-a-minuto","category-zona-gris","tag-alejandro-murat-hinojosa","tag-luisa-alcalde-morena"],"jetpack_featured_media_url":"https:\/\/zonaroja.com.mx\/wp-content\/uploads\/2025\/02\/Alejandro-Murat-y-Luisa-Alcalde.jpeg","jetpack_sharing_enabled":true,"_links":{"self":[{"href":"https:\/\/zonaroja.com.mx\/index.php?rest_route=\/wp\/v2\/posts\/80036","targetHints":{"allow":["GET"]}}],"collection":[{"href":"https:\/\/zonaroja.com.mx\/index.php?rest_route=\/wp\/v2\/posts"}],"about":[{"href":"https:\/\/zonaroja.com.mx\/index.php?rest_route=\/wp\/v2\/types\/post"}],"author":[{"embeddable":true,"href":"https:\/\/zonaroja.com.mx\/index.php?rest_route=\/wp\/v2\/users\/2"}],"replies":[{"embeddable":true,"href":"https:\/\/zonaroja.com.mx\/index.php?rest_route=%2Fwp%2Fv2%2Fcomments&post=80036"}],"version-history":[{"count":1,"href":"https:\/\/zonaroja.com.mx\/index.php?rest_route=\/wp\/v2\/posts\/80036\/revisions"}],"predecessor-version":[{"id":80037,"href":"https:\/\/zonaroja.com.mx\/index.php?rest_route=\/wp\/v2\/posts\/80036\/revisions\/80037"}],"wp:featuredmedia":[{"embeddable":true,"href":"https:\/\/zonaroja.com.mx\/index.php?rest_route=\/wp\/v2\/media\/77657"}],"wp:attachment":[{"href":"https:\/\/zonaroja.com.mx\/index.php?rest_route=%2Fwp%2Fv2%2Fmedia&parent=80036"}],"wp:term":[{"taxonomy":"category","embeddable":true,"href":"https:\/\/zonaroja.com.mx\/index.php?rest_route=%2Fwp%2Fv2%2Fcategories&post=80036"},{"taxonomy":"post_tag","embeddable":true,"href":"https:\/\/zonaroja.com.mx\/index.php?rest_route=%2Fwp%2Fv2%2Ftags&post=80036"}],"curies":[{"name":"wp","href":"https:\/\/api.w.org\/{rel}","templated":true}]}}