{"id":80038,"date":"2025-05-06T08:52:00","date_gmt":"2025-05-06T14:52:00","guid":{"rendered":"https:\/\/zonaroja.com.mx\/?p=80038"},"modified":"2025-05-06T19:25:40","modified_gmt":"2025-05-07T01:25:40","slug":"vuelven-ejecuciones-a-balazos-a-la-ciudad-de-oaxaca","status":"publish","type":"post","link":"https:\/\/zonaroja.com.mx\/?p=80038","title":{"rendered":"Vuelven ejecuciones a balazos a la ciudad de Oaxaca"},"content":{"rendered":"\n<p>Raymundo Morales\/Zona Roja.<\/p>\n\n\n\n<p>Oaxaca de Ju\u00e1rez, Oax., a 6 de mayo de 2025.- Una persona del sexo masculino fue asesinada alrededor de la medianoche de ayer en la ciudad de Oaxaca.<\/p>\n\n\n\n<p>El crimen se perpetr\u00f3 en la calle Puerto Escondido de la colonia Siete Regiones, al norte de la capital, donde tras las llamadas de auxilio, las corporaciones policiacas localizaron un cuerpo sin vida.<\/p>\n\n\n\n<p>La v\u00edctima fue identificada de manera preliminar como Uriel Alexander R. G., de aproximadamente 23 a\u00f1os de edad.<\/p>\n\n\n\n<p>Personal policiaco municipal y estatal efectu\u00f3 operativos de b\u00fasqueda en la zona pero hasta el momento no hay resultados positivos; seg\u00fan los vecinos, el probable criminal es conocido en la zona.<\/p>\n\n\n\n<p>En tanto, peritos y agentes de investigaci\u00f3n de la Fiscal\u00eda General del Estado de Oaxaca realizaron durante la madrugada de hoy los levantamientos respectivos, con la finalidad de esclarecer el caso.<\/p>\n","protected":false},"excerpt":{"rendered":"<p>Raymundo Morales\/Zona Roja. Oaxaca de Ju\u00e1rez, Oax., a 6 de mayo de 2025.- Una persona&hellip;<\/p>\n","protected":false},"author":2,"featured_media":80045,"comment_status":"closed","ping_status":"open","sticky":false,"template":"","format":"standard","meta":{"_lmt_disableupdate":"","_lmt_disable":"","_jetpack_memberships_contains_paid_content":false,"footnotes":""},"categories":[109,51],"tags":[148],"class_list":["post-80038","post","type-post","status-publish","format-standard","has-post-thumbnail","hentry","category-minuto-a-minuto","category-zona-roja","tag-oaxaca-de-juarez"],"jetpack_featured_media_url":"https:\/\/zonaroja.com.mx\/wp-content\/uploads\/2025\/05\/Ejecutado-ciudad-de-Oaxaca.jpg","jetpack_sharing_enabled":true,"_links":{"self":[{"href":"https:\/\/zonaroja.com.mx\/index.php?rest_route=\/wp\/v2\/posts\/80038","targetHints":{"allow":["GET"]}}],"collection":[{"href":"https:\/\/zonaroja.com.mx\/index.php?rest_route=\/wp\/v2\/posts"}],"about":[{"href":"https:\/\/zonaroja.com.mx\/index.php?rest_route=\/wp\/v2\/types\/post"}],"author":[{"embeddable":true,"href":"https:\/\/zonaroja.com.mx\/index.php?rest_route=\/wp\/v2\/users\/2"}],"replies":[{"embeddable":true,"href":"https:\/\/zonaroja.com.mx\/index.php?rest_route=%2Fwp%2Fv2%2Fcomments&post=80038"}],"version-history":[{"count":1,"href":"https:\/\/zonaroja.com.mx\/index.php?rest_route=\/wp\/v2\/posts\/80038\/revisions"}],"predecessor-version":[{"id":80039,"href":"https:\/\/zonaroja.com.mx\/index.php?rest_route=\/wp\/v2\/posts\/80038\/revisions\/80039"}],"wp:featuredmedia":[{"embeddable":true,"href":"https:\/\/zonaroja.com.mx\/index.php?rest_route=\/wp\/v2\/media\/80045"}],"wp:attachment":[{"href":"https:\/\/zonaroja.com.mx\/index.php?rest_route=%2Fwp%2Fv2%2Fmedia&parent=80038"}],"wp:term":[{"taxonomy":"category","embeddable":true,"href":"https:\/\/zonaroja.com.mx\/index.php?rest_route=%2Fwp%2Fv2%2Fcategories&post=80038"},{"taxonomy":"post_tag","embeddable":true,"href":"https:\/\/zonaroja.com.mx\/index.php?rest_route=%2Fwp%2Fv2%2Ftags&post=80038"}],"curies":[{"name":"wp","href":"https:\/\/api.w.org\/{rel}","templated":true}]}}