{"id":80040,"date":"2025-05-06T12:22:00","date_gmt":"2025-05-06T18:22:00","guid":{"rendered":"https:\/\/zonaroja.com.mx\/?p=80040"},"modified":"2025-05-06T08:23:12","modified_gmt":"2025-05-06T14:23:12","slug":"opinion-uabjo-la-disputa-por-la-rectoria-i","status":"publish","type":"post","link":"https:\/\/zonaroja.com.mx\/?p=80040","title":{"rendered":"Opini\u00f3n. UABJO: la disputa por la Rector\u00eda (I)"},"content":{"rendered":"\n<p>Isidoro Yescas*<\/p>\n\n\n\n<p>A un a\u00f1o que se lleve a cabo el cambio de mando en la rector\u00eda de la UABJO,&nbsp;el&nbsp;\u00fanico&nbsp;interlocutor&nbsp;del Gobierno del Estado&nbsp;con los actores sindicales y pol\u00edticos de esta casa de estudios&nbsp;ser\u00e1 el&nbsp;asesor del jefe del Poder Ejecutivo y exjefe de gabinete, Jos\u00e9 Antonio Rueda.<\/p>\n\n\n\n<p>Esta decisi\u00f3n&nbsp;adelantada,&nbsp;tomada no hace mucho en el Palacio Primaveral,&nbsp;estar\u00eda obedeciendo a tres &nbsp;factores que ya est\u00e1n calentando el ambiente pol\u00edtico&nbsp;presucesorio&nbsp;en la UABJO: la grosera intervenci\u00f3n del rector Cristian Carre\u00f1o en la reciente elecci\u00f3n de directora en la Facultad de Medicina; su abierto apoyo a la actual dirigencia del STAUO para imponer sucesor a modo&nbsp;y el riesgo de una escisi\u00f3n&nbsp;en esta organizaci\u00f3n sindical&nbsp;cualesquiera&nbsp;que sea el resultado de la elecci\u00f3n del nuevo Comit\u00e9 Ejecutivo; y&nbsp;el marcado inter\u00e9s del secretario de Gobierno, Jes\u00fas Romero L\u00f3pez, para impulsar al&nbsp;subsecretario&nbsp;de Desarrollo Democr\u00e1tico&nbsp;de la Sego&nbsp;y&nbsp;poder tras del trono en la Facultad de Derecho, Carlos P\u00e9rez Campos Mayoral, como precandidato a la rector\u00eda.<\/p>\n\n\n\n<p>Para ponernos en contexto habr\u00e1 que recordar que de 1988 a la fecha, la rector\u00eda de la UABJO se ha alternado entre el STAUO y el Sindicato Universitario de Maestros y Acad\u00e9micos (SUMA),&nbsp;a\u00f1o&nbsp;que coincide con la aprobaci\u00f3n de la Ley Org\u00e1nica vigente que abri\u00f3 las puertas al voto universal, directo y secreto en la elecci\u00f3n de rector, directores y consejeros(as) universitarios (as).<\/p>\n\n\n\n<p>El primer ciclo&nbsp;de&nbsp;rectores&nbsp;del&nbsp;STAUO se inaugur\u00f3 con Miguel&nbsp;Angel&nbsp;Concha Viloria en 1988 y se cerr\u00f3 en el 2004 con el ascenso de Francisco Mart\u00ednez Neri, del SUMA.&nbsp;<\/p>\n\n\n\n<p>De esta fecha hasta el 2022, \u00e9sta organizaci\u00f3n sindical de&nbsp;oposici\u00f3n al&nbsp;STAUO tuvo el control de la Rector\u00eda hasta el a\u00f1o 2022, cuando nuevamente el STAUO recuper\u00f3 el poder rectoral&nbsp;para&nbsp;Cristian Carre\u00f1o.<\/p>\n\n\n\n<p>Hoy, con un SUMA muy disminuido tal parece que el STAUO estar\u00eda conservando la rector\u00eda, pero no&nbsp;al gusto, arreglos e intereses&nbsp;de&nbsp;Carre\u00f1o&nbsp;sino derivado de los&nbsp;nuevos&nbsp;&nbsp;reacomodos &nbsp;y alianzas de grupos y liderazgos disidentes que ya lograron posicionarse en la Facultad de Medicina y que este 9 de mayo podr\u00edan dar la sorpresa en la jornada electoral para relevar a la dirigencia en turno que encabeza Enrique Mart\u00ednez&nbsp;Mart\u00ednez.<\/p>\n\n\n\n<p>Si bien es cierto que Ric\u00e1rdez tiene todo el apoyo del aparato oficial&nbsp;universitario &nbsp;y&nbsp;de la propia dirigencia del&nbsp;STAUO,el&nbsp;opositor Aristeo&nbsp;Segura&nbsp;Salvador&nbsp;y su equipo de campa\u00f1a han podido volver atractivo su proyecto&nbsp;alternativo de&nbsp;un nuevo &nbsp;ejercicio del poder sindical,&nbsp;con \u00e9nfasis en la&nbsp;transparencia en el&nbsp;manejo de las&nbsp;cuotas sindicales, y as\u00ed &nbsp;crecer exponencialmente al punto que no parece aventurado anticipar un escenario de empate t\u00e9cnico. &nbsp;<\/p>\n\n\n\n<p>Sin duda el punto relacionado con el manejo de las cuotas sindicales es de gran importancia pues de acuerdo al art\u00edculo XI de los Estatutos Internos del&nbsp;STAUO&nbsp;el&nbsp;Secretario General&nbsp;y&nbsp;el Secretario de Finanzas est\u00e1n obligados a presentar cada seis meses informes por escrito tanto a la asamblea como \u201c&nbsp;a cada miembro del sindicato, dejando constancia de su recepci\u00f3n\u201d.<\/p>\n\n\n\n<p>Si se cumpli\u00f3 o no con esta disposici\u00f3n es asunto que deber\u00e1n aclarar&nbsp;las autoridades&nbsp;universitarias&nbsp;y dirigentes sindicales, pues lo que&nbsp;por ahora&nbsp;importa subrayar es que el tema &nbsp;ya ha generado un fuerte controversia entre la base del STAUO&nbsp;y gane quien gane lo que estar\u00eda procediendo&nbsp;legalmente&nbsp;para aclarar montos y destino ser\u00e1, sin duda, la realizaci\u00f3n de una auditor\u00eda financiera.&nbsp;<\/p>\n\n\n\n<p>Regreso al punto de origen para insistir que&nbsp;la definici\u00f3n de la candidatura a la rector\u00eda por parte del STAUO ya no estar\u00e1 en la cancha del rector Carre\u00f1o y su camarilla, a\u00fan en el caso de que ganara Ric\u00e1rdez, pues la derrota electoral en Medicina y la recomposici\u00f3n de alianzas pol\u00edticas dentro de la&nbsp;UABJO&nbsp;ya&nbsp;es un hecho y los resultados en la elecci\u00f3n del Comit\u00e9 Ejecutivo as\u00ed lo estar\u00edan reafirmando.&nbsp;<\/p>\n\n\n\n<p>En todo caso a lo que habr\u00e1 que estar atentos es&nbsp;a la&nbsp;probabilidad&nbsp;de&nbsp;un triunfo del&nbsp;bloque opositor&nbsp;. Y si esto ocurre la gran inc\u00f3gnita es si la patronal&nbsp;( rector\u00eda) y la dirigencia &nbsp;saliente reconocer\u00edan&nbsp;su derrota, o por el contrario, optar\u00e1n&nbsp;por &nbsp;el &nbsp;litigio&nbsp;en tribunales&nbsp;y al choque pol\u00edtico,&nbsp;con todos los costos para la estabilidad institucional de la UABJO.&nbsp;<\/p>\n\n\n\n<p>*Periodista y maestro en Sociolog\u00eda.<\/p>\n\n\n\n<p>X:@YescasIsidoro<\/p>\n\n\n\n<p>Faceboock:Isidoro&nbsp;Yescas<\/p>\n","protected":false},"excerpt":{"rendered":"<p>Isidoro Yescas* A un a\u00f1o que se lleve a cabo el cambio de mando en&hellip;<\/p>\n","protected":false},"author":2,"featured_media":78328,"comment_status":"closed","ping_status":"open","sticky":false,"template":"","format":"standard","meta":{"_lmt_disableupdate":"","_lmt_disable":"","_jetpack_memberships_contains_paid_content":false,"footnotes":""},"categories":[456,109],"tags":[3998],"class_list":["post-80040","post","type-post","status-publish","format-standard","has-post-thumbnail","hentry","category-columna","category-minuto-a-minuto","tag-isidoro-yescas-martinez"],"jetpack_featured_media_url":"https:\/\/zonaroja.com.mx\/wp-content\/uploads\/2025\/03\/Isidoro-Yescas-Martinez.jpg","jetpack_sharing_enabled":true,"_links":{"self":[{"href":"https:\/\/zonaroja.com.mx\/index.php?rest_route=\/wp\/v2\/posts\/80040","targetHints":{"allow":["GET"]}}],"collection":[{"href":"https:\/\/zonaroja.com.mx\/index.php?rest_route=\/wp\/v2\/posts"}],"about":[{"href":"https:\/\/zonaroja.com.mx\/index.php?rest_route=\/wp\/v2\/types\/post"}],"author":[{"embeddable":true,"href":"https:\/\/zonaroja.com.mx\/index.php?rest_route=\/wp\/v2\/users\/2"}],"replies":[{"embeddable":true,"href":"https:\/\/zonaroja.com.mx\/index.php?rest_route=%2Fwp%2Fv2%2Fcomments&post=80040"}],"version-history":[{"count":1,"href":"https:\/\/zonaroja.com.mx\/index.php?rest_route=\/wp\/v2\/posts\/80040\/revisions"}],"predecessor-version":[{"id":80041,"href":"https:\/\/zonaroja.com.mx\/index.php?rest_route=\/wp\/v2\/posts\/80040\/revisions\/80041"}],"wp:featuredmedia":[{"embeddable":true,"href":"https:\/\/zonaroja.com.mx\/index.php?rest_route=\/wp\/v2\/media\/78328"}],"wp:attachment":[{"href":"https:\/\/zonaroja.com.mx\/index.php?rest_route=%2Fwp%2Fv2%2Fmedia&parent=80040"}],"wp:term":[{"taxonomy":"category","embeddable":true,"href":"https:\/\/zonaroja.com.mx\/index.php?rest_route=%2Fwp%2Fv2%2Fcategories&post=80040"},{"taxonomy":"post_tag","embeddable":true,"href":"https:\/\/zonaroja.com.mx\/index.php?rest_route=%2Fwp%2Fv2%2Ftags&post=80040"}],"curies":[{"name":"wp","href":"https:\/\/api.w.org\/{rel}","templated":true}]}}