{"id":80048,"date":"2025-05-06T19:53:45","date_gmt":"2025-05-07T01:53:45","guid":{"rendered":"https:\/\/zonaroja.com.mx\/?p=80048"},"modified":"2025-05-06T19:53:47","modified_gmt":"2025-05-07T01:53:47","slug":"denuncian-despojo-de-predios-en-villa-de-mitla-en-contubernio-con-tribunal","status":"publish","type":"post","link":"https:\/\/zonaroja.com.mx\/?p=80048","title":{"rendered":"Denuncian despojo de predios en Villa de Mitla, en contubernio con Tribunal"},"content":{"rendered":"\n<p>Redacci\u00f3n\/Estado 20.<\/p>\n\n\n\n<p>Oaxaca de Ju\u00e1rez, Oax., a 6 de mayo de 2025.- Integrantes de m\u00e1s de 20 familias del municipio de San Pablo Villa de Mitla protestaron esta ma\u00f1ana en el Tribunal Unitario Agrario n\u00famero 21 en la ciudad de Oaxaca, para denunciar que son v\u00edctimas de despojo en las que se recurre a un mecanismo similar en todos los casos: falsificaci\u00f3n de documentos, el inicio de juicios agrarios e incluso denuncias penales.<\/p>\n\n\n\n<p>En este esquema, aseguraron que est\u00e1n coludidos los integrantes del Comisariado de Bienes Comunales de Mitla, notarios p\u00fablicos, abogados y funcionarios del Tribunal Unitario Agrario.<\/p>\n\n\n\n<p>Villa de Mitla es uno de los principales atractivos tur\u00edsticos de Oaxaca y un importante sitio arqueol\u00f3gico de las culturas zapoteca y mixteca; y ha sido un atractivo para la inversi\u00f3n inmobiliaria para la construcci\u00f3n de hoteles, restaurantes y vivienda para personas extranjeras.<\/p>\n\n\n\n<p>\u201cEn Mitla, menos de 100 comuneros buscan mantener el control del territorio comunal excluyendo al resto de la poblaci\u00f3n, muchos de los cuales tienen posesiones acreditadas y escrituras legales. Este grupo opera bajo el amparo del Comisariado y se beneficia de la omisi\u00f3n o complicidad del Tribunal Agrario\u201d, afirm\u00f3 Irvin Uriel Hern\u00e1ndez Sosa, una de las v\u00edctimas.<\/p>\n\n\n\n<p>Hern\u00e1ndez Sosa mencion\u00f3 que el caso del terreno \u201cEl Macahuite\u201d, propiedad de su padre Efra\u00edn Hern\u00e1ndez Garc\u00eda, es uno de los ejemplos m\u00e1s claros de c\u00f3mo el Comisariado de Bienes Comunales, el Tribunal Agrario del Distrito 21 y particulares coludidos han tejido una estructura que atropella el derecho a la tierra y criminaliza a quienes la defienden.<\/p>\n\n\n\n<p>Su padre, asegur\u00f3, es propietario de un predio heredado leg\u00edtimamente y su escritura est\u00e1 respaldada por una cadena de documentos notariales que inicia en 1968, incluye contratos de compraventa y adjudicaciones testamentarias, y culmina con una escritura definitiva registrada en el Registro P\u00fablico de la Propiedad desde 2010.<\/p>\n\n\n\n<p>Sin embargo, en 2021, tras vender una fracci\u00f3n del terreno a una empresa mezcalera, comenz\u00f3 una pesadilla jur\u00eddica y familiar: su propio hermano, Adolfo Hern\u00e1ndez Garc\u00eda, present\u00f3 documentos falsos para reclamar la posesi\u00f3n del predio.<\/p>\n\n\n\n<p>\u201cLo m\u00e1s grave es que el Comisariado de Bienes Comunales de Mitla le expidi\u00f3 actas de posesi\u00f3n fuera de toda norma, sin consultar al n\u00facleo agrario, usando una supuesta compraventa con un personaje ficticio llamado Juli\u00e1n Sosa\u201d.<\/p>\n\n\n\n<p>Esa maniobra, agreg\u00f3, fue suficiente para iniciar un juicio agrario que avanz\u00f3 de forma sorpresiva: primero fue desestimado, luego reabierto, y finalmente resuelto en su contra sin que Efra\u00edn fuera notificado, violando su derecho a defenderse. Como si fuera poco, se\u00f1al\u00f3, el predio fue tomado con fuerza p\u00fablica el pasado 30 de abril de 2025.<\/p>\n\n\n\n<figure class=\"wp-block-embed is-type-rich is-provider-twitter wp-block-embed-twitter\"><div class=\"wp-block-embed__wrapper\">\n<div class=\"twitter-tweet\"><blockquote class=\"twitter-tweet\" data-lang=\"es\"><p lang=\"es\" dir=\"ltr\">1. Un grupo de pobladores de la Villa de Mitla bloquea la sede del Tribunal Unitario Agrario (TUA) y el bulevar Eduardo Vasconcelos de la ciudad de Oaxaca. <br><br>Denuncian irregularidades por parte del Comisariado de Bienes Comunales y el despojo de predios, presuntamente en\u2026 <a href=\"https:\/\/t.co\/IaXZicMaSF\">pic.twitter.com\/IaXZicMaSF<\/a><\/p>&mdash; Zona Roja Oaxaca (@ZonaRoja_Oaxaca) <a href=\"https:\/\/twitter.com\/ZonaRoja_Oaxaca\/status\/1919816341613162816?ref_src=twsrc%5Etfw\">6 de mayo de 2025<\/a><\/blockquote><\/div>\n<\/div><\/figure>\n\n\n\n<p>\u201cEste no es un caso aislado. En Mitla se repiten historias similares. Existe un patr\u00f3n claro de despojo agrario impulsado por intereses econ\u00f3micos disfrazados de autoridad comunal, con la ayuda de instituciones que deber\u00edan proteger los derechos campesinos, no pisotearlos. Es una forma moderna de despojo: legal en apariencia, profundamente injusta en el fondo\u201d.<\/p>\n\n\n\n<p>Teresa V\u00e1squez Ram\u00edrez relat\u00f3 que los integrantes del Comisariado de Bienes Comunales de San Pablo Villa de Mitla, la quieren desalojar de su casa \u201ca la mala\u201d.<\/p>\n\n\n\n<p>\u201cAhora estoy muy cansada de tanto pagar licenciado y dar vueltas y ya ellos me quieren desalojar definitivamente de mi casa, cuando viv\u00eda con mi esposo, en un esfuerzo muy grande hicimos nuestros terreno, porque somos campesinos y ah\u00ed nos mantenemos\u201d.<\/p>\n\n\n\n<p>La se\u00f1ora V\u00e1squez Ram\u00edrez agreg\u00f3 que inmediatamente despu\u00e9s de la muerte de su esposo, las autoridades agrarias de la comunidad llegaron a desalojar para quitarle su casa y su terreno, en el cual siembra ma\u00edz.<\/p>\n\n\n\n<p>\u201cFui a la Fiscal\u00eda de Oaxaca en Tlacolula y qu\u00e9 pasa, que ellos no saben nada. Estuve esperando tres citatorios y nunca llegaron; pero que tal ellos, me denunciaron en el Tribunal, y aqu\u00ed el Tribunal los ha favorecido a ellos para que me desalojen\u201d, manifest\u00f3.<\/p>\n\n\n\n<p>Elvia Mat\u00edas, otras de las v\u00edctimas, afirm\u00f3 que en el caso de la propiedad de su padre Javier Mat\u00edas presentaron una denuncia penal en su contra con la que intentan meterlo a la c\u00e1rcel.<\/p>\n\n\n\n<p>\u201cCon una acta de posesi\u00f3n falsa del Comisariado de Bienes Comunales lo quieren despojar de su propiedad y lo acaban de denunciar ante la Fiscal\u00eda de Oaxaca, por su propia hermana Minerva Concepci\u00f3n Mat\u00edas Bautista, y lo quieren meter a la c\u00e1rcel. Yo digo que eso es una injusticia porque \u00e9l desde su nacimiento ha estado ah\u00ed. Si me gana el llanto es porque se ha cometido una injusticia.<\/p>\n\n\n\n<p>\u201cPor temor, quiz\u00e1 muchas no hablamos, pero es tiempo de guardar ese miedo, porque unidos lograremos justicia. Tambi\u00e9n me denunciaron a m\u00ed, a mi esposo, mi padre tiene 70 a\u00f1os y yo vengo defendiendo a mi padre\u201d.<\/p>\n\n\n\n<p>Las familias afectadas exigieron al Tribunal Unitario Agrario 21 la anulaci\u00f3n de los juicios agrarios promovidos con documentos falsos; la restituci\u00f3n inmediata de los predios a sus leg\u00edtimos due\u00f1os; una auditor\u00eda federal al Comisariado de Bienes Comunales de Mitla; la intervenci\u00f3n de la Procuradur\u00eda Agraria y la SEDATU; sanciones penales contra los responsables del despojo; y la atenci\u00f3n urgente a estos casos de la Comisi\u00f3n Nacional de Derechos Humanos y organismos internacionales.<\/p>\n\n\n\n<p>\u201cMitla no puede seguir siendo tierra de nadie. La justicia agraria debe estar del lado del pueblo, no del lado de quienes manipulan el sistema para quedarse con lo ajeno\u201d, exclamaron.<\/p>\n","protected":false},"excerpt":{"rendered":"<p>Redacci\u00f3n\/Estado 20. Oaxaca de Ju\u00e1rez, Oax., a 6 de mayo de 2025.- Integrantes de m\u00e1s&hellip;<\/p>\n","protected":false},"author":2,"featured_media":80049,"comment_status":"closed","ping_status":"open","sticky":false,"template":"","format":"standard","meta":{"_lmt_disableupdate":"","_lmt_disable":"","_jetpack_memberships_contains_paid_content":false,"footnotes":""},"categories":[109,47],"tags":[1127],"class_list":["post-80048","post","type-post","status-publish","format-standard","has-post-thumbnail","hentry","category-minuto-a-minuto","category-zona-gris","tag-san-pablo-villa-de-mitla"],"jetpack_featured_media_url":"https:\/\/zonaroja.com.mx\/wp-content\/uploads\/2025\/05\/Denuncia-Mitla-Comuneros.jpg","jetpack_sharing_enabled":true,"_links":{"self":[{"href":"https:\/\/zonaroja.com.mx\/index.php?rest_route=\/wp\/v2\/posts\/80048","targetHints":{"allow":["GET"]}}],"collection":[{"href":"https:\/\/zonaroja.com.mx\/index.php?rest_route=\/wp\/v2\/posts"}],"about":[{"href":"https:\/\/zonaroja.com.mx\/index.php?rest_route=\/wp\/v2\/types\/post"}],"author":[{"embeddable":true,"href":"https:\/\/zonaroja.com.mx\/index.php?rest_route=\/wp\/v2\/users\/2"}],"replies":[{"embeddable":true,"href":"https:\/\/zonaroja.com.mx\/index.php?rest_route=%2Fwp%2Fv2%2Fcomments&post=80048"}],"version-history":[{"count":1,"href":"https:\/\/zonaroja.com.mx\/index.php?rest_route=\/wp\/v2\/posts\/80048\/revisions"}],"predecessor-version":[{"id":80050,"href":"https:\/\/zonaroja.com.mx\/index.php?rest_route=\/wp\/v2\/posts\/80048\/revisions\/80050"}],"wp:featuredmedia":[{"embeddable":true,"href":"https:\/\/zonaroja.com.mx\/index.php?rest_route=\/wp\/v2\/media\/80049"}],"wp:attachment":[{"href":"https:\/\/zonaroja.com.mx\/index.php?rest_route=%2Fwp%2Fv2%2Fmedia&parent=80048"}],"wp:term":[{"taxonomy":"category","embeddable":true,"href":"https:\/\/zonaroja.com.mx\/index.php?rest_route=%2Fwp%2Fv2%2Fcategories&post=80048"},{"taxonomy":"post_tag","embeddable":true,"href":"https:\/\/zonaroja.com.mx\/index.php?rest_route=%2Fwp%2Fv2%2Ftags&post=80048"}],"curies":[{"name":"wp","href":"https:\/\/api.w.org\/{rel}","templated":true}]}}