{"id":80051,"date":"2025-05-06T22:04:23","date_gmt":"2025-05-07T04:04:23","guid":{"rendered":"https:\/\/zonaroja.com.mx\/?p=80051"},"modified":"2025-05-06T22:04:26","modified_gmt":"2025-05-07T04:04:26","slug":"asesinan-a-empleado-bancario-en-juchitan-y-a-individuo-en-huixtepec","status":"publish","type":"post","link":"https:\/\/zonaroja.com.mx\/?p=80051","title":{"rendered":"Asesinan a empleado bancario en Juchit\u00e1n y a individuo en Huixtepec"},"content":{"rendered":"\n<p>Raymundo Morales\/Zona Roja.<\/p>\n\n\n\n<p>Oaxaca de Ju\u00e1rez, Oax., a 6 de mayo de 2025.- Como Marcos R., de 37 a\u00f1os de edad, fue identificado el hombre asesinado a balazos la ma\u00f1ana de este martes en Juchit\u00e1n de Zaragoza.<\/p>\n\n\n\n<p>El cuerpo sin vida con varios impactos de arma de fuego fue localizado en la parte posterior de la Escuela Secundaria T\u00e9cnica 103; era empleado de la financiera Compartamos Banco.<\/p>\n\n\n\n<p>Personal policiaco arrib\u00f3 a la escena del crimen para supuestamente resguardar los indicios; sin embargo permitieron que familiares del occiso retiraran el cuerpo, lo que dificult\u00f3 las indagatorias de la Vicefiscal\u00eda Regional del Istmo, dependiente de la Fiscal\u00eda General del Estado de Oaxaca.<\/p>\n\n\n\n<p>Por otra parte, esta noche se perpetr\u00f3 otro crimen, en San Pablo Huixtepec, municipio del distrito de Zimatl\u00e1n, en la regi\u00f3n de Valles Centrales del estado.<\/p>\n\n\n\n<p>Hasta el momento no hay mayores detalles pero se presume que deriv\u00f3 de una ri\u00f1a entre familias, lo cual ya investiga personal de la Fiscal\u00eda General del Estado de Oaxaca.<\/p>\n\n\n\n<p>Cabe mencionar que en los primeros minutos de este martes, otra persona fue asesinada en la colonia Siete Regiones de la ciudad de Oaxaca; fue identificado como Uriel Alexander, de 23 a\u00f1os de edad.<\/p>\n\n\n\n<figure class=\"wp-block-embed\"><div class=\"wp-block-embed__wrapper\">\n\n<\/div><\/figure>\n","protected":false},"excerpt":{"rendered":"<p>Raymundo Morales\/Zona Roja. Oaxaca de Ju\u00e1rez, Oax., a 6 de mayo de 2025.- Como Marcos&hellip;<\/p>\n","protected":false},"author":2,"featured_media":80052,"comment_status":"closed","ping_status":"open","sticky":false,"template":"","format":"standard","meta":{"_lmt_disableupdate":"","_lmt_disable":"","_jetpack_memberships_contains_paid_content":false,"footnotes":""},"categories":[109,51],"tags":[297],"class_list":["post-80051","post","type-post","status-publish","format-standard","has-post-thumbnail","hentry","category-minuto-a-minuto","category-zona-roja","tag-ejecutado-juchitan"],"jetpack_featured_media_url":"https:\/\/zonaroja.com.mx\/wp-content\/uploads\/2025\/05\/ASesinado-San-Pablo-HUixtepec.jpg","jetpack_sharing_enabled":true,"_links":{"self":[{"href":"https:\/\/zonaroja.com.mx\/index.php?rest_route=\/wp\/v2\/posts\/80051","targetHints":{"allow":["GET"]}}],"collection":[{"href":"https:\/\/zonaroja.com.mx\/index.php?rest_route=\/wp\/v2\/posts"}],"about":[{"href":"https:\/\/zonaroja.com.mx\/index.php?rest_route=\/wp\/v2\/types\/post"}],"author":[{"embeddable":true,"href":"https:\/\/zonaroja.com.mx\/index.php?rest_route=\/wp\/v2\/users\/2"}],"replies":[{"embeddable":true,"href":"https:\/\/zonaroja.com.mx\/index.php?rest_route=%2Fwp%2Fv2%2Fcomments&post=80051"}],"version-history":[{"count":1,"href":"https:\/\/zonaroja.com.mx\/index.php?rest_route=\/wp\/v2\/posts\/80051\/revisions"}],"predecessor-version":[{"id":80053,"href":"https:\/\/zonaroja.com.mx\/index.php?rest_route=\/wp\/v2\/posts\/80051\/revisions\/80053"}],"wp:featuredmedia":[{"embeddable":true,"href":"https:\/\/zonaroja.com.mx\/index.php?rest_route=\/wp\/v2\/media\/80052"}],"wp:attachment":[{"href":"https:\/\/zonaroja.com.mx\/index.php?rest_route=%2Fwp%2Fv2%2Fmedia&parent=80051"}],"wp:term":[{"taxonomy":"category","embeddable":true,"href":"https:\/\/zonaroja.com.mx\/index.php?rest_route=%2Fwp%2Fv2%2Fcategories&post=80051"},{"taxonomy":"post_tag","embeddable":true,"href":"https:\/\/zonaroja.com.mx\/index.php?rest_route=%2Fwp%2Fv2%2Ftags&post=80051"}],"curies":[{"name":"wp","href":"https:\/\/api.w.org\/{rel}","templated":true}]}}