{"id":80065,"date":"2025-05-07T10:15:00","date_gmt":"2025-05-07T16:15:00","guid":{"rendered":"https:\/\/zonaroja.com.mx\/?p=80065"},"modified":"2025-05-07T08:09:07","modified_gmt":"2025-05-07T14:09:07","slug":"accidentes-en-oaxaca-dejan-cuatro-muertos-tres-son-menores-de-edad","status":"publish","type":"post","link":"https:\/\/zonaroja.com.mx\/?p=80065","title":{"rendered":"Accidentes en Oaxaca dejan cuatro muertos; tres son menores de edad"},"content":{"rendered":"\n<p>Raymundo Morales\/Zona Roja.<\/p>\n\n\n\n<p>Oaxaca de Ju\u00e1rez, Oax., a 7 de mayo de 2025.- En poco m\u00e1s de 24 horas, en Oaxaca cuatro personas han perdido la vida a causa de accidentes, de los cuales tres son menores de edad.<\/p>\n\n\n\n<p>Anoche, en la carretera federal 145 que comunica de Loma Bonita a San Juan Bautista Tuxtepec, municipios de la regi\u00f3n de la Cuenca, una persona perdi\u00f3 la vida a causa de un fuerte accidente entre un de pasajeros de la l\u00ednea ADO y un tr\u00e1iler de la empresa Kugar.<\/p>\n\n\n\n<p>Hasta el momento no hay reporte de usuarios lesionados y el fallecido era conductor del cami\u00f3n de carga pesada.<\/p>\n\n\n\n<p>Ayer por la tarde, en un domicilio particular de la colonia La Uni\u00f3n, de la ciudad de Oaxaca, un menor de edad cay\u00f3 en un tambo de agua; la madre de familia logr\u00f3 rescatarlo y pidi\u00f3 de inmediato auxilio.<\/p>\n\n\n\n<p>Al lugar arribaron param\u00e9dicos de la Cruz Roja Mexicana pero corroboraron que el peque\u00f1o ya no contaba con signos vitales.<\/p>\n\n\n\n<p>Mientras que en la Villa de Zaachila, el conductor de una motocicleta choc\u00f3 su unidad de motor contra un domicilio; una menor de siete a\u00f1os de edad que llevaba result\u00f3 con graves lesiones.<\/p>\n\n\n\n<p>Fue trasladado al Hospital de la Ni\u00f1ez Oaxaque\u00f1a de San Bartolo Coyotepec, pero falleci\u00f3 en el trayecto.<\/p>\n\n\n\n<p>Mientras que el lunes por la ma\u00f1ana, personal del Heroico Cuerpo de Bomberos rescat\u00f3 un cuerpo sin vida de un menor de 14 a\u00f1os de edad que muri\u00f3 ahogado en una presa de San Baltazar Chichic\u00e1pam, en el distrito de Ocotl\u00e1n.<\/p>\n\n\n\n<p>Los familiares, originarios de Santiago Matatl\u00e1n, relataron que el ni\u00f1o identificado como Diego Alexis se meti\u00f3 a nadar pero no logr\u00f3 salir, por lo cual pidieron el auxilio.<\/p>\n","protected":false},"excerpt":{"rendered":"<p>Raymundo Morales\/Zona Roja. Oaxaca de Ju\u00e1rez, Oax., a 7 de mayo de 2025.- En poco&hellip;<\/p>\n","protected":false},"author":2,"featured_media":80066,"comment_status":"closed","ping_status":"open","sticky":false,"template":"","format":"standard","meta":{"_lmt_disableupdate":"","_lmt_disable":"","_jetpack_memberships_contains_paid_content":false,"footnotes":""},"categories":[109,47],"tags":[3416],"class_list":["post-80065","post","type-post","status-publish","format-standard","has-post-thumbnail","hentry","category-minuto-a-minuto","category-zona-gris","tag-accidentes-carreteros-oaxaca"],"jetpack_featured_media_url":"https:\/\/zonaroja.com.mx\/wp-content\/uploads\/2025\/05\/Accidente-presa-Chichicaoam.jpeg","jetpack_sharing_enabled":true,"_links":{"self":[{"href":"https:\/\/zonaroja.com.mx\/index.php?rest_route=\/wp\/v2\/posts\/80065","targetHints":{"allow":["GET"]}}],"collection":[{"href":"https:\/\/zonaroja.com.mx\/index.php?rest_route=\/wp\/v2\/posts"}],"about":[{"href":"https:\/\/zonaroja.com.mx\/index.php?rest_route=\/wp\/v2\/types\/post"}],"author":[{"embeddable":true,"href":"https:\/\/zonaroja.com.mx\/index.php?rest_route=\/wp\/v2\/users\/2"}],"replies":[{"embeddable":true,"href":"https:\/\/zonaroja.com.mx\/index.php?rest_route=%2Fwp%2Fv2%2Fcomments&post=80065"}],"version-history":[{"count":1,"href":"https:\/\/zonaroja.com.mx\/index.php?rest_route=\/wp\/v2\/posts\/80065\/revisions"}],"predecessor-version":[{"id":80067,"href":"https:\/\/zonaroja.com.mx\/index.php?rest_route=\/wp\/v2\/posts\/80065\/revisions\/80067"}],"wp:featuredmedia":[{"embeddable":true,"href":"https:\/\/zonaroja.com.mx\/index.php?rest_route=\/wp\/v2\/media\/80066"}],"wp:attachment":[{"href":"https:\/\/zonaroja.com.mx\/index.php?rest_route=%2Fwp%2Fv2%2Fmedia&parent=80065"}],"wp:term":[{"taxonomy":"category","embeddable":true,"href":"https:\/\/zonaroja.com.mx\/index.php?rest_route=%2Fwp%2Fv2%2Fcategories&post=80065"},{"taxonomy":"post_tag","embeddable":true,"href":"https:\/\/zonaroja.com.mx\/index.php?rest_route=%2Fwp%2Fv2%2Ftags&post=80065"}],"curies":[{"name":"wp","href":"https:\/\/api.w.org\/{rel}","templated":true}]}}