{"id":80068,"date":"2025-05-07T11:22:00","date_gmt":"2025-05-07T17:22:00","guid":{"rendered":"https:\/\/zonaroja.com.mx\/?p=80068"},"modified":"2025-05-07T08:26:51","modified_gmt":"2025-05-07T14:26:51","slug":"india-bombardea-territorio-pakistani-tras-ataque-en-cachemira","status":"publish","type":"post","link":"https:\/\/zonaroja.com.mx\/?p=80068","title":{"rendered":"India bombardea territorio pakistan\u00ed tras ataque en Cachemira"},"content":{"rendered":"\n<p>Redacci\u00f3n\/Zona Roja Cdmx.<\/p>\n\n\n\n<p>Ciudad de M\u00e9xico, a 7 de mayo de 2025.- En medio de una escalada de tensi\u00f3n entre dos potencias nucleares, India bombarde\u00f3 este mi\u00e9rcoles de madrugada (hora local) varios puntos del territorio pakistan\u00ed que hasta el momento dej\u00f3 como saldo ocho muertos.<\/p>\n\n\n\n<p>El gobierno indio anunci\u00f3 la operaci\u00f3n bajo el nombre Sindoor, con la que afirm\u00f3 golpear \u00abinfraestructuras terroristas en Pakist\u00e1n [&#8230;] de donde se organizaron y dirigieron ataques terroristas contra India\u00bb, seg\u00fan una breve declaraci\u00f3n oficial.<\/p>\n\n\n\n<p>El anuncio de Nueva Delhi se produce despu\u00e9s del atentado perpetrado el 22 de abril en la Cachemira india, donde murieron 26 personas. Desde entonces, la comunidad internacional advirti\u00f3 sobre un posible aumento de hostilidades entre India y Pakist\u00e1n.<\/p>\n\n\n\n<p>El ej\u00e9rcito pakistan\u00ed denunci\u00f3 que las fuerzas armadas indias atacaron \u00abtres regiones\u00bb dentro de su territorio. Mencion\u00f3 las ciudades de Muzaffarabad y Kolti, en la Cachemira pakistan\u00ed, as\u00ed como Muridke y Bahawalpur, en la provincia de Punyab, seg\u00fan declar\u00f3 a AFP un militar pakistan\u00ed de alto rango.<\/p>\n\n\n\n<p>De acuerdo con el ministro pakistan\u00ed de Defensa, Khawaja Asif, los 24 bombardeos dejaron al menos \u00abocho civiles muertos, incluyendo un ni\u00f1o\u00bb.<\/p>\n\n\n\n<p>Corresponsales de AFP en Cachemira y Punyab reportaron escuchar fuertes explosiones en varias zonas, mientras que periodistas ubicados en el lado indio de la L\u00ednea de Control \u2014la frontera de facto entre ambos pa\u00edses en la regi\u00f3n\u2014 tambi\u00e9n reportaron m\u00faltiples detonaciones, cada vez m\u00e1s cercanas.<\/p>\n\n\n\n<p>\u201cRESPONDEREMOS\u201d<\/p>\n\n\n\n<p>Ante la agresi\u00f3n, el portavoz del ej\u00e9rcito pakistan\u00ed, teniente general Ahmed Chaudhry, lanz\u00f3 una advertencia: \u00abResponderemos en el momento que elijamos\u00bb.<\/p>\n\n\n\n<p>El gobierno de Pakist\u00e1n convoc\u00f3 a su Comit\u00e9 de Seguridad Nacional a las 05:00 GMT de este mi\u00e9rcoles (23:00 del martes, tiempo del Centro de M\u00e9xico), anunci\u00f3 el ministro de Informaci\u00f3n, Ataullah Tarar. El comit\u00e9 est\u00e1 compuesto por responsables civiles y militares de alto rango.<\/p>\n\n\n\n<p>Desde Nueva Delhi, las fuerzas armadas indias afirmaron en su cuenta de X que respondieron \u201cde forma apropiada y calibrada\u201d. En la misma l\u00ednea, el gobierno asegur\u00f3 que \u201cnuestra acci\u00f3n es espec\u00edfica, equilibrada y busca evitar cualquier escalada. No se apunt\u00f3 contra ninguna instalaci\u00f3n militar pakistan\u00ed\u201d.<\/p>\n\n\n\n<p>Una de las zonas atacadas fue la mezquita Subhan, en Bahawalpur. Seg\u00fan los servicios de inteligencia indios, el lugar est\u00e1 vinculado a grupos cercanos a Lashkar-e-Taiba (LeT), un movimiento yihadista radicado en Pakist\u00e1n y sospechoso de haber organizado los atentados de Bombay en 2008, en los que murieron 166 personas.<\/p>\n\n\n\n<p>El gobierno indio defendi\u00f3 la operaci\u00f3n se\u00f1alando que ejercieron \u201cmoderaci\u00f3n considerable\u201d y reiter\u00f3 su compromiso de hacer que \u201clos responsables del ataque (de abril) rindan cuentas\u201d.<\/p>\n\n\n\n<p>En respuesta a la agresi\u00f3n, un militar pakistan\u00ed citado por AFP afirm\u00f3: \u201cHabr\u00e1 una respuesta hiriente pronto, esto no se quedar\u00e1 as\u00ed\u201d.<\/p>\n\n\n\n<p>(Informaci\u00f3n de \u201cExpansi\u00f3n Pol\u00edtica\u201d)<\/p>\n","protected":false},"excerpt":{"rendered":"<p>Redacci\u00f3n\/Zona Roja Cdmx. Ciudad de M\u00e9xico, a 7 de mayo de 2025.- En medio de&hellip;<\/p>\n","protected":false},"author":2,"featured_media":80069,"comment_status":"closed","ping_status":"open","sticky":false,"template":"","format":"standard","meta":{"_lmt_disableupdate":"","_lmt_disable":"","_jetpack_memberships_contains_paid_content":false,"footnotes":""},"categories":[109,47],"tags":[4298],"class_list":["post-80068","post","type-post","status-publish","format-standard","has-post-thumbnail","hentry","category-minuto-a-minuto","category-zona-gris","tag-guerra-india-pakistan-cachemira"],"jetpack_featured_media_url":"https:\/\/zonaroja.com.mx\/wp-content\/uploads\/2025\/05\/India-ataca-a-Pakistan.jpg","jetpack_sharing_enabled":true,"_links":{"self":[{"href":"https:\/\/zonaroja.com.mx\/index.php?rest_route=\/wp\/v2\/posts\/80068","targetHints":{"allow":["GET"]}}],"collection":[{"href":"https:\/\/zonaroja.com.mx\/index.php?rest_route=\/wp\/v2\/posts"}],"about":[{"href":"https:\/\/zonaroja.com.mx\/index.php?rest_route=\/wp\/v2\/types\/post"}],"author":[{"embeddable":true,"href":"https:\/\/zonaroja.com.mx\/index.php?rest_route=\/wp\/v2\/users\/2"}],"replies":[{"embeddable":true,"href":"https:\/\/zonaroja.com.mx\/index.php?rest_route=%2Fwp%2Fv2%2Fcomments&post=80068"}],"version-history":[{"count":1,"href":"https:\/\/zonaroja.com.mx\/index.php?rest_route=\/wp\/v2\/posts\/80068\/revisions"}],"predecessor-version":[{"id":80070,"href":"https:\/\/zonaroja.com.mx\/index.php?rest_route=\/wp\/v2\/posts\/80068\/revisions\/80070"}],"wp:featuredmedia":[{"embeddable":true,"href":"https:\/\/zonaroja.com.mx\/index.php?rest_route=\/wp\/v2\/media\/80069"}],"wp:attachment":[{"href":"https:\/\/zonaroja.com.mx\/index.php?rest_route=%2Fwp%2Fv2%2Fmedia&parent=80068"}],"wp:term":[{"taxonomy":"category","embeddable":true,"href":"https:\/\/zonaroja.com.mx\/index.php?rest_route=%2Fwp%2Fv2%2Fcategories&post=80068"},{"taxonomy":"post_tag","embeddable":true,"href":"https:\/\/zonaroja.com.mx\/index.php?rest_route=%2Fwp%2Fv2%2Ftags&post=80068"}],"curies":[{"name":"wp","href":"https:\/\/api.w.org\/{rel}","templated":true}]}}