{"id":80077,"date":"2025-05-07T13:36:00","date_gmt":"2025-05-07T19:36:00","guid":{"rendered":"https:\/\/zonaroja.com.mx\/?p=80077"},"modified":"2025-05-07T08:38:11","modified_gmt":"2025-05-07T14:38:11","slug":"ofrece-aspirante-a-ministro-garantizar-estado-laico-y-libertad-religiosa","status":"publish","type":"post","link":"https:\/\/zonaroja.com.mx\/?p=80077","title":{"rendered":"Ofrece aspirante a ministro garantizar Estado laico y libertad religiosa"},"content":{"rendered":"\n<p>Redacci\u00f3n\/Zona Roja.&nbsp;<\/p>\n\n\n\n<p>Oaxaca de Ju\u00e1rez, Oax., a 7 de mayo de 2025.- El valor de la separaci\u00f3n Estado-Iglesia fortalece y aporta a la armon\u00eda social, es fundamental su protecci\u00f3n y un compromiso como juzgador, se\u00f1al\u00f3 el candidato a Ministro, Jaime Allier Campuzano durante una reuni\u00f3n con dirigentes de congregaciones cristianas de la entidad.<\/p>\n\n\n\n<p>En el encuentro convocado por los representantes religiosos, Alier Campuzano, destac\u00f3 la importancia de proteger desde el Poder Judicial el principio constitucional de la separaci\u00f3n entre el Estado y las iglesias como pilar fundamental para la armon\u00eda social y el Estado laico.<\/p>\n\n\n\n<p>Ante representantes de diversas denominaciones cristianas, el candidato 35 de la boleta morada enfatiz\u00f3 que este principio constitucional no es un obst\u00e1culo para la libertad religiosa, sino su garant\u00eda, al evitar que el poder pol\u00edtico instrumentalice las creencias o que grupos religiosos impongan agendas en las instituciones p\u00fablicas.<\/p>\n\n\n\n<p>Durante la pl\u00e1tica abierta y franca, el tambi\u00e9n Magistrado de Circuito coment\u00f3 que el Estado laico protege por igual a creyentes y no creyentes. Adem\u00e1s, record\u00f3 que en su trayectoria de 35 a\u00f1os en el Poder Judicial, donde ha resuelto casos emblem\u00e1ticos en materia de derechos fundamentales, as\u00ed como otros decididos por la Corte en donde existe jurisprudencia al respecto.<\/p>\n\n\n\n<p>Finalmente, los representantes religiosos coincidieron en la necesidad de mantener un di\u00e1logo permanente con juzgadores y juzgadoras, as\u00ed como destacaron la apertura del candidato Allier Campuzano quien acudi\u00f3 a dicho encuentro para exponer su propuesta de trabajo y escuchar sus planteamientos e inquietudes.<\/p>\n","protected":false},"excerpt":{"rendered":"<p>Redacci\u00f3n\/Zona Roja.&nbsp; Oaxaca de Ju\u00e1rez, Oax., a 7 de mayo de 2025.- El valor de&hellip;<\/p>\n","protected":false},"author":2,"featured_media":80078,"comment_status":"closed","ping_status":"open","sticky":false,"template":"","format":"standard","meta":{"_lmt_disableupdate":"","_lmt_disable":"","_jetpack_memberships_contains_paid_content":false,"footnotes":""},"categories":[109,46],"tags":[4263],"class_list":["post-80077","post","type-post","status-publish","format-standard","has-post-thumbnail","hentry","category-minuto-a-minuto","category-zona-blanca","tag-jaime-allier-campuzano"],"jetpack_featured_media_url":"https:\/\/zonaroja.com.mx\/wp-content\/uploads\/2025\/05\/Jaime-Allier-Campuzano.jpg","jetpack_sharing_enabled":true,"_links":{"self":[{"href":"https:\/\/zonaroja.com.mx\/index.php?rest_route=\/wp\/v2\/posts\/80077","targetHints":{"allow":["GET"]}}],"collection":[{"href":"https:\/\/zonaroja.com.mx\/index.php?rest_route=\/wp\/v2\/posts"}],"about":[{"href":"https:\/\/zonaroja.com.mx\/index.php?rest_route=\/wp\/v2\/types\/post"}],"author":[{"embeddable":true,"href":"https:\/\/zonaroja.com.mx\/index.php?rest_route=\/wp\/v2\/users\/2"}],"replies":[{"embeddable":true,"href":"https:\/\/zonaroja.com.mx\/index.php?rest_route=%2Fwp%2Fv2%2Fcomments&post=80077"}],"version-history":[{"count":1,"href":"https:\/\/zonaroja.com.mx\/index.php?rest_route=\/wp\/v2\/posts\/80077\/revisions"}],"predecessor-version":[{"id":80079,"href":"https:\/\/zonaroja.com.mx\/index.php?rest_route=\/wp\/v2\/posts\/80077\/revisions\/80079"}],"wp:featuredmedia":[{"embeddable":true,"href":"https:\/\/zonaroja.com.mx\/index.php?rest_route=\/wp\/v2\/media\/80078"}],"wp:attachment":[{"href":"https:\/\/zonaroja.com.mx\/index.php?rest_route=%2Fwp%2Fv2%2Fmedia&parent=80077"}],"wp:term":[{"taxonomy":"category","embeddable":true,"href":"https:\/\/zonaroja.com.mx\/index.php?rest_route=%2Fwp%2Fv2%2Fcategories&post=80077"},{"taxonomy":"post_tag","embeddable":true,"href":"https:\/\/zonaroja.com.mx\/index.php?rest_route=%2Fwp%2Fv2%2Ftags&post=80077"}],"curies":[{"name":"wp","href":"https:\/\/api.w.org\/{rel}","templated":true}]}}