{"id":80083,"date":"2025-05-07T15:40:00","date_gmt":"2025-05-07T21:40:00","guid":{"rendered":"https:\/\/zonaroja.com.mx\/?p=80083"},"modified":"2025-05-07T08:41:18","modified_gmt":"2025-05-07T14:41:18","slug":"opinion-oaxaquenos-olvidados-del-5-de-mayo","status":"publish","type":"post","link":"https:\/\/zonaroja.com.mx\/?p=80083","title":{"rendered":"Opini\u00f3n. Oaxaque\u00f1os olvidados del 5 de mayo"},"content":{"rendered":"\n<p>N\u00e9stor Y. S\u00e1nchez Islas<\/p>\n\n\n\n<p>Cuando nadie lo esperaba, \u201clas armas nacionales se cubrieron de gloria\u201d seg\u00fan le escribi\u00f3 el General Ignacio Zaragoza al presidente Benito Ju\u00e1rez&nbsp;el 5 de mayo de 1862 tras la victoria mexicana sobre el ej\u00e9rcito franc\u00e9s, el m\u00e1s poderoso del mundo en ese momento.<\/p>\n\n\n\n<p>La arrogancia del franc\u00e9s invasor top\u00f3 de frente con la humildad de un ej\u00e9rcito de campesinos descalzos, desnutridos&nbsp;y mal armados, pero altamente motivados porque defend\u00edan su&nbsp;patria.&nbsp;No se gan\u00f3 la guerra en ese momento, pero la victoria en esa batalla se convirti\u00f3 en todo un s\u00edmbolo para los mexicanos que la asimilamos r\u00e1pidamente a nuestra cultura e identidad&nbsp;que, curiosamente se celebra con m\u00e1s fuerza y entusiasmo por los&nbsp;mexicanos que&nbsp;viven en los Estados Unidos que quienes aqu\u00ed vivimos.&nbsp;Entre otras cosas, para ellos&nbsp;es un orgullo s\u00edmbolo de resistencia de los mexicanos antenaciones m\u00e1s poderosas.<\/p>\n\n\n\n<p>Porfirio D\u00edaz tuvo un papel destacado en la batalla como coronel del ej\u00e9rcito mexicano bajo el mando del general Ignacio Zaragoza. Aunque no fue el comandante principal, su participaci\u00f3n fue clave en varias acciones t\u00e1cticas durante el combate, lo que tuvo dos consecuencias que fueron&nbsp;decisivas&nbsp;en su futuro: la poblaci\u00f3n de inmediato lo vio como un h\u00e9roe y \u00e9l supo capitalizar los hechos para&nbsp;iniciar&nbsp;su carrera&nbsp;por la presidencia.<\/p>\n\n\n\n<p>Al pasar Porfirio D\u00edaz de h\u00e9roe a villano&nbsp;de acuerdo conla historia de bronce, es decir, la versi\u00f3n&nbsp;sesgada de la historia patria escrita por el r\u00e9gimen,&nbsp;se&nbsp;han ignorado hechos que, por estar relacionados con \u00e9l, han pasado al lado oscuro&nbsp;de aquella famosa batalla&nbsp;y, por ello mismo, es necesario darles voz y visibilizar hechos que deber\u00edan ser conocidos por todos,<\/p>\n\n\n\n<p>Aunque no por resultado directo de la batalla de Puebla, miles de oaxaque\u00f1os murieron en lo que se conoce como la tragedia&nbsp;de Chalchicomula, o ciudad Serd\u00e1n como se le conoce ahora.&nbsp;Reclutados por Porfirio D\u00edaz, cientos de mixtecos y de istme\u00f1os se sumaron a las fuerzas mexicanas. No eran adinerados hacendados, comerciantes o empresarios, eran simples campesinos analfabetos muchas veces acompa\u00f1ados por su esposa convertidas en aquellas sufridas soldaderas que acompa\u00f1aban a su Juan para darles de comer. La historia los ha olvidado porque se ha centrado en los grandes generales y las acciones militares de ambos ej\u00e9rcitos. No debe seguir siendo as\u00ed, la historia debe darles el lugar que merecen.<\/p>\n\n\n\n<p>El Archivo General de la Naci\u00f3n edita una publicaci\u00f3n llamada \u201cBolet\u00edn\u201d. En su edici\u00f3n de 1962, disponible en internet, presenta las cr\u00f3nica de aquella tragedia de Chalchicomula en la que murieron m\u00e1s&nbsp;de&nbsp;mil&nbsp;tropas, oficiales y soldaderas, en su mayor\u00eda de Oaxaca que estaban ah\u00ed para cerra el paso a los franceses en su camino de Orizaba a Puebla. Chalchicomula est\u00e1 a la mitad de&nbsp;la ruta&nbsp;entre ambas ciudades.<\/p>\n\n\n\n<p>La cr\u00f3nica se\u00f1ala el 6 de marzo de 1862 cuando fueron&nbsp;acuarteldas&nbsp;las tropas que estaban bajo el mando de Porfirio D\u00edaz en la Colectur\u00eda de la poblaci\u00f3n, tra\u00edan con ellos municiones y p\u00f3lvora para la batalla&nbsp;y, a eso de las 8 y media de la noche, una soldadera llev\u00f3 la cena a su marido. Ambos se sentaron y encendieron una vela justo encima de una caja de munici\u00f3n que improvisaron como mesa.<\/p>\n\n\n\n<p>La flama inflam\u00f3 la p\u00f3lvora y se dio la tremenda explosi\u00f3n que, en un instante, mat\u00f3 a cerca de 1300 personas entre tropa, oficiales y mujeres. Destruy\u00f3 el edifico y casi a todo el pueblo. Cad\u00e1veres mutilados estaban por todos lados.&nbsp;<\/p>\n\n\n\n<p>Las v\u00edctimas formaban parte de la 1\u00aa. Brigada de Oaxaca, compuesta por tres batallones. Murieron 1014 tropas y 16 oficiales, la brigada pr\u00e1cticamente desapareci\u00f3. Fue tan grande la tragedia que tanto los ej\u00e9rcitos&nbsp;espa\u00f1oles y franceses enviaron a sus brigadas m\u00e9dicas a atender a los sobrevivientes. Fue un breve momento de solidaridad entre enemigos en el campo de batalla.<\/p>\n\n\n\n<p>Esos oaxaque\u00f1os no murieron en la ahora gloriosa batalla del 5 de mayo, pero lo hubieran hecho con gallard\u00eda defendiendo su patria. Muchos de los combatientes muertos ya&nbsp;eran veteranos que ven\u00edan de otras batallas en defensa del pa\u00eds.<\/p>\n\n\n\n<p>Hoy celebramos y recordamos al General Ignacio Zaragoza, texano de nacimiento, como defensor de la patria. En estas celebraci\u00f3n tambi\u00e9n se recuerda al General Porfirio D\u00edaz, pero muy pocos recuerdan a los oaxaque\u00f1os que murieron en aquella tragedia.<\/p>\n\n\n\n<p>Oaxaca se ha transformado en una tierra injusta. Levanta monumentos y memoriales por agitadores y porros al servicio del magisterio y de la 4T y olvida a sus verdaderos h\u00e9roes. Se venera a los que incendiaron nuestra ciudad en 2006 y se les premia con poder y canonj\u00edas. Se pondera a pol\u00edticos y funcionarios corruptos y se le niega a Porfirio D\u00edaz y los miles de oaxaque\u00f1os que lo acompa\u00f1aron y dieron su sangre por M\u00e9xico el recuerdo&nbsp;y&nbsp;las honras que merecen. Hoy el gobierno se deshar\u00e1 en loas y elogios por algo que ni conocen&nbsp;ni sienten.<\/p>\n\n\n\n<p>nestoryuri@yahoo.com<\/p>\n","protected":false},"excerpt":{"rendered":"<p>N\u00e9stor Y. S\u00e1nchez Islas Cuando nadie lo esperaba, \u201clas armas nacionales se cubrieron de gloria\u201d&hellip;<\/p>\n","protected":false},"author":2,"featured_media":67897,"comment_status":"closed","ping_status":"open","sticky":false,"template":"","format":"standard","meta":{"_lmt_disableupdate":"","_lmt_disable":"","_jetpack_memberships_contains_paid_content":false,"footnotes":""},"categories":[456,109],"tags":[3050],"class_list":["post-80083","post","type-post","status-publish","format-standard","has-post-thumbnail","hentry","category-columna","category-minuto-a-minuto","tag-nestor-yuri-sanchez"],"jetpack_featured_media_url":"https:\/\/zonaroja.com.mx\/wp-content\/uploads\/2024\/05\/Opinion-Nestor-Yuri-Sanchez.jpeg","jetpack_sharing_enabled":true,"_links":{"self":[{"href":"https:\/\/zonaroja.com.mx\/index.php?rest_route=\/wp\/v2\/posts\/80083","targetHints":{"allow":["GET"]}}],"collection":[{"href":"https:\/\/zonaroja.com.mx\/index.php?rest_route=\/wp\/v2\/posts"}],"about":[{"href":"https:\/\/zonaroja.com.mx\/index.php?rest_route=\/wp\/v2\/types\/post"}],"author":[{"embeddable":true,"href":"https:\/\/zonaroja.com.mx\/index.php?rest_route=\/wp\/v2\/users\/2"}],"replies":[{"embeddable":true,"href":"https:\/\/zonaroja.com.mx\/index.php?rest_route=%2Fwp%2Fv2%2Fcomments&post=80083"}],"version-history":[{"count":1,"href":"https:\/\/zonaroja.com.mx\/index.php?rest_route=\/wp\/v2\/posts\/80083\/revisions"}],"predecessor-version":[{"id":80084,"href":"https:\/\/zonaroja.com.mx\/index.php?rest_route=\/wp\/v2\/posts\/80083\/revisions\/80084"}],"wp:featuredmedia":[{"embeddable":true,"href":"https:\/\/zonaroja.com.mx\/index.php?rest_route=\/wp\/v2\/media\/67897"}],"wp:attachment":[{"href":"https:\/\/zonaroja.com.mx\/index.php?rest_route=%2Fwp%2Fv2%2Fmedia&parent=80083"}],"wp:term":[{"taxonomy":"category","embeddable":true,"href":"https:\/\/zonaroja.com.mx\/index.php?rest_route=%2Fwp%2Fv2%2Fcategories&post=80083"},{"taxonomy":"post_tag","embeddable":true,"href":"https:\/\/zonaroja.com.mx\/index.php?rest_route=%2Fwp%2Fv2%2Ftags&post=80083"}],"curies":[{"name":"wp","href":"https:\/\/api.w.org\/{rel}","templated":true}]}}